{"id":11960,"date":"2019-04-12T17:46:42","date_gmt":"2019-04-12T17:46:42","guid":{"rendered":"https:\/\/www.uta.cl\/delegacion-de-academia-diplomatica-de-chile-visito-la-universidad-de\/web\/2019-04-12\/174642.html"},"modified":"2019-04-12T17:46:42","modified_gmt":"2019-04-12T17:46:42","slug":"delegacion-de-academia-diplomatica-de-chile-visito-la-universidad-de","status":"publish","type":"post","link":"https:\/\/www.uta.cl\/index.php\/2019\/04\/12\/delegacion-de-academia-diplomatica-de-chile-visito-la-universidad-de\/","title":{"rendered":"Delegaci\u00f3n de Academia Diplom\u00e1tica de Chile visit\u00f3 la Universidad de Tarapac\u00e1"},"content":{"rendered":"\n<p style=\"text-align: justify;\"><img alt=\"Imagen foto_00000005\" class=\"fotodrag\" id=\"foto_00000005\" src=\"\/web\/site\/artic\/20190412\/imag\/foto_0000000520190412174642.jpg\" style=\"float: left; margin-left: 10px; margin-right: 10px;\" data-w=\"360\" data-h=\"240\" \/>El Rector (s), Dr. Alfonso D\u00edaz Aguad junto a la Vicerrectora de Desarrollo Estrat\u00e9gico, Dra. Jenniffer Peralta Montecinos, recibieron este martes 09 de abril a una delegaci\u00f3n de alumnos de la Academia Diplom\u00e1tica de Chile Andr\u00e9s Bello, encabezada por su director y Embajador Miguel \u00c1ngel Gonz\u00e1lez y acompa\u00f1ados por el Embajador Delegado de la Canciller\u00eda en Arica y Parinacota, Gabriel Zepeda.<\/p>\n<p style=\"text-align: justify;\">En la visita, el Rector (s), Dr. Alfonso D\u00edaz Aguad, fue el encargado de dar las palabras de bienvenida a la delegaci\u00f3n de estudiantes promoci\u00f3n 2018, destacando los aspectos principales de la Universidad de Tarapac\u00e1 como su historia y su misi\u00f3n, junto con entregar una amplia visi\u00f3n sobre la Regi\u00f3n de Arica y Parinacota su identidad territorial, la visi\u00f3n de convivencia de la regi\u00f3n con pa\u00edses lim\u00edtrofes, su econom\u00eda y su historia.<\/p>\n<p style=\"text-align: justify;\"><img alt=\"Imagen foto_00000007\" class=\"fotodrag\" id=\"foto_00000007\" src=\"\/web\/site\/artic\/20190412\/imag\/foto_0000000720190412174642.jpg\" style=\"margin-left: 10px; margin-right: 10px; float: right;\" data-w=\"360\" data-h=\"240\" \/>&#8220;La Universidad de Tarapac\u00e1 es una Instituci\u00f3n que este a\u00f1o cumple 38 a\u00f1os de existencia, destac\u00e1ndose por su desarrollo notable, comprometida con la excelencia acad\u00e9mica y el continuo mejoramiento de la calidad. Esta Casa de Estudios Superiores est\u00e1 acreditada por cinco a\u00f1os en 5 a\u00f1os en las \u00e1reas obligatorias de Gesti\u00f3n Institucional, Docencia de Pregrado y en las \u00e1reas electivas de Investigaci\u00f3n y Vinculaci\u00f3n con el Medio, permitiendo ubicarla en importantes rankings nacionales e internacionales&#8221;.<\/p>\n<p style=\"text-align: justify;\">Por su parte, la Vicerrectora de Desarrollo Estrat\u00e9gico, convers\u00f3 respecto a la labor acad\u00e9mica en la Regi\u00f3n de Arica y Parinacota y Tarapac\u00e1, &#8220;nuestra Universidad proyecta su quehacer en el contexto de la Regi\u00f3n Centro Sur Andina. Como parte de su huella y de su rol estrat\u00e9gico institucional, apuesta a la generaci\u00f3n de movilidad social, y a la preservaci\u00f3n y cultivo de un patrimonio cultural milenario, junto a la integraci\u00f3n acad\u00e9mica con Per\u00fa y Bolivia&#8221;.<\/p>\n<p style=\"text-align: justify;\"><img alt=\"Imagen foto_00000011\" class=\"fotodrag\" id=\"foto_00000011\" src=\"\/web\/site\/artic\/20190412\/imag\/foto_0000001120190412174642.jpg\" style=\"margin-left: 10px; margin-right: 10px; float: left;\" data-w=\"360\" data-h=\"240\" \/>En Tanto, el Director de la Academia Diplom\u00e1tica de Chile Andr\u00e9s Bello y Embajador Miguel \u00c1ngel Gonz\u00e1lez, agradeci\u00f3 la recepci\u00f3n de las autoridades universitarias, acad\u00e9micos y estudiantes, se\u00f1alando: &#8220;Para nosotros es un muy buen cierre el estar en esta Universidad despu\u00e9s de haber estado en un viaje breve pero muy enriquecedor donde hemos podido estar en varias partes de Arica donde nos llevamos esa experiencia de estar en el altiplano, conocer esa realidad y descubrir que el desierto no es tan seco como uno se lo imagina, ver proyectos tan especiales como los vistos en Putre. En este contexto es muy importante el contacto con las universidades, con los centros de desarrollo cient\u00edfico, precisamente porque nuestra academia est\u00e1 intentando poner a disposici\u00f3n de los nuevos funcionarios de la canciller\u00eda, estamos tratando de darle las herramientas que les permitan desenvolverse mejor principalmente en una sociedad ligada a las nuevas tecnolog\u00edas. Acercarnos a la academia, a la Universidad de Tarapac\u00e1 es coronar esta experiencia de entender nuestra realidad en la zona norte de nuestro pa\u00eds. Un diplom\u00e1tico bien formado, tiene que conocer, podemos acercarnos mucho desde la teor\u00eda pero es muy distinto estar en un lugar y percibir la experiencia de estar en la primera ciudad de Chile&#8221;.<\/p>\n<p style=\"text-align: justify;\"><img alt=\"Imagen foto_00000009\" class=\"fotodrag\" id=\"foto_00000009\" src=\"\/web\/site\/artic\/20190412\/imag\/foto_0000000920190412174642.jpg\" style=\"margin-left: 10px; margin-right: 10px; float: right;\" data-w=\"360\" data-h=\"240\" \/>La Academia Diplom\u00e1tica de Chile es un centro acad\u00e9mico dependiente del Ministerio de Relaciones Exteriores responsable de formar a los futuros diplom\u00e1ticos del pa\u00eds. Fue creada por Decreto de 3 de junio de 1954 y lleva el nombre de Andr\u00e9s Bello, en recuerdo y homenaje al ilustre venezolano-chileno quien, desde 1834 hasta 1852, se desempe\u00f1\u00f3 como Oficial Mayor de Relaciones Exteriores, equivalente al Subsecretario de Relaciones Exteriores de nuestros tiempos.<\/p>\n\n\n\n<figure class=\"wp-block-image\"><a href=\"https:\/\/photos.app.goo.gl\/4qtiGsixMQEusp8WA\" target=\"_blank\"><img loading=\"lazy\" width=\"300\" height=\"60\" src=\"https:\/\/www.uta.cl\/wp-content\/uploads\/2019\/05\/ver_galeria.jpg\" alt=\"\" class=\"wp-image-8828\"\/><\/a><\/figure>\n","protected":false},"excerpt":{"rendered":"<p>El encuentro cont\u00f3 con la participaci\u00f3n de la Directora de Asuntos Estudiantiles, Directora de Planificaci\u00f3n y Proyectos, Decano de la Facultad de Ciencias Sociales y Jur\u00eddicas, Director de la Escuela de Derecho, acad\u00e9micos y estudiantes de esta Casa de Estudios Superiores. <\/p>\n","protected":false},"author":3,"featured_media":11961,"comment_status":"open","ping_status":"open","sticky":false,"template":"","format":"standard","meta":[],"categories":[],"tags":[],"_links":{"self":[{"href":"https:\/\/www.uta.cl\/index.php\/wp-json\/wp\/v2\/posts\/11960"}],"collection":[{"href":"https:\/\/www.uta.cl\/index.php\/wp-json\/wp\/v2\/posts"}],"about":[{"href":"https:\/\/www.uta.cl\/index.php\/wp-json\/wp\/v2\/types\/post"}],"author":[{"embeddable":true,"href":"https:\/\/www.uta.cl\/index.php\/wp-json\/wp\/v2\/users\/3"}],"replies":[{"embeddable":true,"href":"https:\/\/www.uta.cl\/index.php\/wp-json\/wp\/v2\/comments?post=11960"}],"version-history":[{"count":0,"href":"https:\/\/www.uta.cl\/index.php\/wp-json\/wp\/v2\/posts\/11960\/revisions"}],"wp:featuredmedia":[{"embeddable":true,"href":"https:\/\/www.uta.cl\/index.php\/wp-json\/wp\/v2\/media\/11961"}],"wp:attachment":[{"href":"https:\/\/www.uta.cl\/index.php\/wp-json\/wp\/v2\/media?parent=11960"}],"wp:term":[{"taxonomy":"category","embeddable":true,"href":"https:\/\/www.uta.cl\/index.php\/wp-json\/wp\/v2\/categories?post=11960"},{"taxonomy":"post_tag","embeddable":true,"href":"https:\/\/www.uta.cl\/index.php\/wp-json\/wp\/v2\/tags?post=11960"}],"curies":[{"name":"wp","href":"https:\/\/api.w.org\/{rel}","templated":true}]}}