{"id":11958,"date":"2019-04-12T18:07:23","date_gmt":"2019-04-12T18:07:23","guid":{"rendered":"https:\/\/www.uta.cl\/s\/Fq_"},"modified":"2019-04-12T18:07:23","modified_gmt":"2019-04-12T18:07:23","slug":"decano-de-la-facsal-es-invitado-como-experto-a-ecuador","status":"publish","type":"post","link":"https:\/\/www.uta.cl\/index.php\/2019\/04\/12\/decano-de-la-facsal-es-invitado-como-experto-a-ecuador\/","title":{"rendered":"Decano de la FACSAL es invitado como experto a Ecuador"},"content":{"rendered":"\n<p style=\"text-align: justify;\"><img alt=\"Imagen foto_00000005\" class=\"fotodrag\" id=\"foto_00000005\" src=\"\/web\/site\/artic\/20190412\/imag\/foto_0000000520190412180723.jpg\" style=\"float: left; margin-left: 10px; margin-right: 10px;\" data-w=\"360\" data-h=\"270\" \/>En el marco del primer encuentro binacional de Protecci\u00f3n Radiol\u00f3gica Peruano-Ecuatoriano, desarrollado en la ciudad de Machala, Ecuador los d\u00edas 29 y 30 de Marzo, el Decano de la Facultad de Ciencias de la Salud (FACSAL), Dr. Carlos Ubeda de la Cerda, fue invitado por las sociedades de Radioprotecci\u00f3n del Per\u00fa y Ecuador a participar en calidad de experto internacional en temas de Protecci\u00f3n Radiol\u00f3gica en procedimientos de imagen m\u00e9dica. En esta l\u00ednea el Decano Ubeda participo como relator de un curso de actualizaci\u00f3n, as\u00ed como fue moderador y parte de dos mesas redondas donde se trataron temas de la &#8220;Formaci\u00f3n en Protecci\u00f3n Radiol\u00f3gica del Tecn\u00f3logo M\u00e9dico&#8221; y &#8220;La figura de oficial de Protecci\u00f3n Radiol\u00f3gica&#8221;.<\/p>\n<p style=\"text-align: justify;\"><img alt=\"Imagen foto_00000003\" class=\"fotodrag\" id=\"foto_00000003\" src=\"\/web\/site\/artic\/20190412\/imag\/foto_0000000320190412180723.jpg\" style=\"margin-left: 10px; margin-right: 10px; float: right;\" data-w=\"360\" data-h=\"203\" \/>Respecto a la importancia de este viaje, el Decano de la FACSAL, indic\u00f3 que, &#8220;ha sido un honor, haber sido el \u00fanico expositor invitado de nacionalidad diferente a los pa\u00edses que organizaron este encuentro. Hay un reconocimiento impl\u00edcito a los m\u00e1s de 12 a\u00f1os que llevo dedicado al estudio e investigaci\u00f3n de temas relacionados con la Protecci\u00f3n Radiol\u00f3gica en medicina, donde la productividad cient\u00edfica sin duda es mi mejor carta de presentaci\u00f3n. Junto con esto, tambi\u00e9n tuve la oportunidad de reunirme con las autoridades de la Universidad T\u00e9cnica de Machala, quienes se mostraron muy interesados en firmar un convenio marco de colaboraci\u00f3n. Adem\u00e1s la Sociedad de Radioprotecci\u00f3n Ecuatoriana me solicito poder montar un programa de Mag\u00edster en Seguridad y Protecci\u00f3n Radiol\u00f3gica lo antes posible&#8221;.<\/p>\n","protected":false},"excerpt":{"rendered":"<p> \u201cEs fundamental hacer vinculaci\u00f3n con los pa\u00edses de la regi\u00f3n y que mejor a trav\u00e9s de la investigaci\u00f3n y convenios de colaboraci\u00f3n\u201d, sostuvo el decano, Dr. Carlos Ubeda de la Cerda.<\/p>\n","protected":false},"author":3,"featured_media":11959,"comment_status":"open","ping_status":"open","sticky":false,"template":"","format":"standard","meta":[],"categories":[],"tags":[],"_links":{"self":[{"href":"https:\/\/www.uta.cl\/index.php\/wp-json\/wp\/v2\/posts\/11958"}],"collection":[{"href":"https:\/\/www.uta.cl\/index.php\/wp-json\/wp\/v2\/posts"}],"about":[{"href":"https:\/\/www.uta.cl\/index.php\/wp-json\/wp\/v2\/types\/post"}],"author":[{"embeddable":true,"href":"https:\/\/www.uta.cl\/index.php\/wp-json\/wp\/v2\/users\/3"}],"replies":[{"embeddable":true,"href":"https:\/\/www.uta.cl\/index.php\/wp-json\/wp\/v2\/comments?post=11958"}],"version-history":[{"count":0,"href":"https:\/\/www.uta.cl\/index.php\/wp-json\/wp\/v2\/posts\/11958\/revisions"}],"wp:featuredmedia":[{"embeddable":true,"href":"https:\/\/www.uta.cl\/index.php\/wp-json\/wp\/v2\/media\/11959"}],"wp:attachment":[{"href":"https:\/\/www.uta.cl\/index.php\/wp-json\/wp\/v2\/media?parent=11958"}],"wp:term":[{"taxonomy":"category","embeddable":true,"href":"https:\/\/www.uta.cl\/index.php\/wp-json\/wp\/v2\/categories?post=11958"},{"taxonomy":"post_tag","embeddable":true,"href":"https:\/\/www.uta.cl\/index.php\/wp-json\/wp\/v2\/tags?post=11958"}],"curies":[{"name":"wp","href":"https:\/\/api.w.org\/{rel}","templated":true}]}}