{"id":11952,"date":"2019-04-15T15:19:24","date_gmt":"2019-04-15T15:19:24","guid":{"rendered":"https:\/\/www.uta.cl\/s\/L7_"},"modified":"2019-04-15T15:19:24","modified_gmt":"2019-04-15T15:19:24","slug":"universidad-de-tarapaca-inaugura-ano-academico-con-clase-magistral-de-la","status":"publish","type":"post","link":"https:\/\/www.uta.cl\/index.php\/2019\/04\/15\/universidad-de-tarapaca-inaugura-ano-academico-con-clase-magistral-de-la\/","title":{"rendered":"Universidad de Tarapac\u00e1 inaugura a\u00f1o acad\u00e9mico con clase magistral de la Secretaria Ejecutiva de la CEPAL"},"content":{"rendered":"\n<p style=\"text-align: justify;\"><img loading=\"lazy\" alt=\"Imagen foto_00000007\" class=\"fotodrag\" height=\"214\" id=\"foto_00000007\" src=\"\/web\/site\/artic\/20190415\/imag\/foto_0000000720190415151924.jpg\" style=\"float: left; margin-left: 10px; margin-right: 10px;\" width=\"360\" data-w=\"550\" data-h=\"327\" \/>Con la participaci\u00f3n de autoridades regionales, universitarias, acad\u00e9micos e invitados especiales, se realiz\u00f3 este viernes 12 de abril, en el auditorio de la carrera de Medicina, la Ceremonia de Inauguraci\u00f3n del A\u00f1o Acad\u00e9mico 2019 de la Universidad de Tarapac\u00e1. En la ocasi\u00f3n, la Secretaria Ejecutiva de la Comisi\u00f3n Econ\u00f3mica para Am\u00e9rica Latina y el Caribe (CEPAL), Alicia B\u00e1rcena Ibarra, dict\u00f3 la clase magistral titulada &#8220;Perspectivas del desarrollo sostenible en Am\u00e9rica Latina y el Caribe&#8221;.<\/p>\n<p style=\"text-align: justify;\">En su exposici\u00f3n, la Secretaria Ejecutiva de la CEPAL y destacada bi\u00f3loga y diplom\u00e1tica mexicana, abord\u00f3 aspectos como la desigualdad global, el deterioro ambiental, coyuntura global y regional, la igualdad como instrumento de desarrollo, la Agenda 2030 y sus objetivos de desarrollo sostenible, adem\u00e1s de destacar la necesidad del cambio hacia las energ\u00edas renovables como motor del cambio estructural hacia un gran impulso ambiental. &#8220;Desde la CEPAL pensamos que estamos realmente en un punto de inflexi\u00f3n en lo que se refiere a la globalizaci\u00f3n fundamentalmente porque estamos atravesando una serie de cambios tect\u00f3nicos muy severos, primero porque estamos pasando por un multilateralismo d\u00e9bil y en crisis en la cual vemos como se est\u00e1 agudizando esta capacidad colectiva de tomar acuerdos a nivel mundial&#8221;.<\/p>\n<p style=\"text-align: justify;\"><img loading=\"lazy\" alt=\"Imagen foto_00000006\" class=\"fotodrag\" height=\"261\" id=\"foto_00000006\" src=\"\/web\/site\/artic\/20190415\/imag\/foto_0000000620190415151924.jpg\" style=\"float: right; margin-left: 10px; margin-right: 10px;\" width=\"237\" data-w=\"360\" data-h=\"399\" \/>Agreg\u00f3 que, &#8220;el modelo de desarrollo que estamos llevando en el mundo es en realidad insostenible. Tenemos que cambiar de paradigma y para cambiar de paradigma tenemos que modificar nuestra forma de producir, de consumir y de distribuir las ganancias de productividad entre los ciudadanos, es decir, mayor sostenibilidad ambiental mayor igualdad y mayor prosperidad, pero sin acabar con los recursos del planeta que es lo que nos est\u00e1 pasando hoy&#8221;, asegur\u00f3.<\/p>\n<p style=\"text-align: justify;\">Asimismo resalt\u00f3 que, &#8220;la Regi\u00f3n de Arica y Parinacota, puede ser un centro del gran impulso ambiental, creemos que esta regi\u00f3n tiene un enorme potencial para realmente ser un polo de esta nueva visi\u00f3n de desarrollo que hemos venido a plantear y de incorporar a los territorios para convertirse en una gran plataforma de desarrollo sostenible donde se vincule la energ\u00eda, el agua, la producci\u00f3n sostenible, con generaci\u00f3n de empleo e inclusi\u00f3n social&#8221;.<\/p>\n<p style=\"text-align: justify;\">En este contexto, Alicia B\u00e1rcena agradeci\u00f3 la invitaci\u00f3n a dictar esta clase magistral, principalmente porque, &#8220;creo que las universidades son el lugar donde hay que venir a trabajar, a plantear nuestras ideas, porque es son los acad\u00e9micos y los estudiantes los que van a hacer el cambio en la cual los haberes diferentes de los j\u00f3venes hay que combinarlos para lograr una propuesta de futuro&#8221;.<\/p>\n<p style=\"text-align: justify;\"><strong>Desaf\u00edos ante la Reforma para la Educaci\u00f3n Superior<\/strong><\/p>\n<p style=\"text-align: justify;\">La inauguraci\u00f3n del a\u00f1o acad\u00e9mico tambi\u00e9n fue ocasi\u00f3n para reflexionar sobre los desaf\u00edos que debe enfrentar esta Casa de Estudios Superiores en el nuevo escenario de la educaci\u00f3n superior en Chile.<\/p>\n<p style=\"text-align: justify;\"><img loading=\"lazy\" alt=\"Imagen foto_00000004\" class=\"fotodrag\" height=\"248\" id=\"foto_00000004\" src=\"\/web\/site\/artic\/20190415\/imag\/foto_0000000420190415151924.jpg\" style=\"margin-left: 10px; margin-right: 10px; float: right;\" width=\"236\" data-w=\"360\" data-h=\"379\" \/>El Rector de la Universidad de Tarapac\u00e1, Dr. Emilio Rodr\u00edguez Ponce, agradeci\u00f3 la presencia de cada uno de los presentes y de la invitada especial Alicia B\u00e1rcena, Secretaria Ejecutiva de la CEPAL. &#8220;Nosotros como Instituci\u00f3n Universitaria estamos viviendo un tiempo distinto porque se est\u00e1 produciendo un cambio rotundo que se llaman reformas universitarias, que significan transformaciones de un conjunto de dimensiones. Nosotros tenemos un enorme desaf\u00edo que significa poder efectivamente tener la capacidad de adaptarnos a esos cambios y tener un comportamiento que sea pertinente y adecuada a la complejidad de nuestra regi\u00f3n&#8221;.<\/p>\n<p style=\"text-align: justify;\">&#8220;Esta ceremonia es de la mayor importancia para una Universidad. Hemos tenido una figura de clase mundial como la de Alicia B\u00e1rcena, Secretaria Ejecutiva de la CEPAL, quien ha dado una conferencia magistral realmente extraordinaria dando una visi\u00f3n estrat\u00e9gica significativa de lo que es Am\u00e9rica Latina y el Caribe, los desaf\u00edos y una agenda de desarrollo para el 2030. Todo ello es de una importancia mayor porque adem\u00e1s estamos inaugurando un a\u00f1o acad\u00e9mico en un contexto distinto por el proceso de reforma universitaria donde nuestra Universidad tiene que tomar decisiones estrat\u00e9gicas correctas para poder seguir en la senda del progreso del desarrollo en un entorno complicado, que tiene dificultades y restricciones, pero en las cuales nosotros desde luego, vamos a salir airosos como esta Instituci\u00f3n lo ha hecho sistem\u00e1ticamente a trav\u00e9s de d\u00e9cadas&#8221;, indic\u00f3 la m\u00e1xima autoridad universitaria.<\/p>\n<p style=\"text-align: justify;\">En su discurso, el Rector de la UTA, Dr. Emilio Rodr\u00edguez Ponce, hizo referencia a los desaf\u00edos que debe enfrentar esta Casa de Estudios Superiores, destacando que, &#8220;con calidad y eficiencia enfrentaremos estos desaf\u00edos. La perspectiva estrat\u00e9gica es fundamental para hacer las cosas correctas, es decir, lograr la eficacia organizacional, al menor costo, pero alcanzando niveles de calidad, simetr\u00eda y complejidad que son coherentes con nuestra pretensi\u00f3n de estar acreditados en todas las \u00e1reas y por seis a\u00f1os en un futuro razonable. Realizaremos inversiones en infraestructura y esperamos comenzar este a\u00f1o con una inversi\u00f3n de $4.260 millones en la remodelaci\u00f3n y puesta en valor del Campus La Tirana; consolidaremos claustros de un m\u00ednimo de 10 doctores en carreras de alta demanda como Ingenier\u00eda Civil, Industrial, Derecho y Psicolog\u00eda; avanzaremos con el postgrado tanto a nivel de mag\u00edster como de doctorado y, en las l\u00edneas de investigaci\u00f3n, que poseen grandes proyectos Fondecyt Regular en ejecuci\u00f3n y publicaciones sistem\u00e1ticas&#8221;.<\/p>\n<p style=\"text-align: justify;\">&#8220;La UTA enfrentar\u00e1 estos momentos con decisi\u00f3n y con claridad estrat\u00e9gica. Quedan desaf\u00edos importantes, el entorno que estamos enfrentando en el sistema universitario, que enfrentamos como Am\u00e9rica Latina y el Caribe, conlleva a posibilidades de accionar concreto a nivel universitario el cual nosotros debemos seguir fortaleciendo y realizando nuestras apuestas estrat\u00e9gicas para el crecimiento y desarrollo de mediano y largo plazo&#8221;, finaliz\u00f3 el Rector Rodr\u00edguez Ponce.<\/p>\n<p><img alt=\"Imagen foto_00000005\" border=\"0\" class=\"fotodrag\" id=\"foto_00000005\" src=\"\/web\/site\/artic\/20190415\/imag\/foto_0000000520190415151924.jpg\" style=\"display: block; margin-left: auto; margin-right: auto;\" data-w=\"360\" data-h=\"304\" \/><\/p>\n<p style=\"text-align: justify;\"><strong>Secretaria Ejecutiva de la CEPAL<\/strong><\/p>\n<p style=\"text-align: justify;\">Alicia B\u00e1rcena Ibarra asumi\u00f3 como Secretaria Ejecutiva de la Comisi\u00f3n Econ\u00f3mica para Am\u00e9rica Latina y el Caribe (CEPAL) el 1 de julio de 2008. Previamente se desempe\u00f1\u00f3 como Secretaria General Adjunta de Gesti\u00f3n en la Sede de las Naciones<br \/>Unidas en Nueva York, y cumpli\u00f3 tareas como Jefa de Gabinete y anteriormente como Jefa Adjunta de Gabinete de Kofi Annan, entonces Secretario General de las<br \/>Naciones Unidas.<\/p>\n<p style=\"text-align: justify;\">En la CEPAL ocup\u00f3 el cargo de Secretaria Ejecutiva Adjunta y Directora de la Divisi\u00f3n de Medio Ambiente y Asentamientos Humanos. En las Naciones Unidas fue<br \/>Coordinadora del Programa de Desarrollo Sostenible de Am\u00e9rica Latina y el Caribe, del Programa de las Naciones Unidas para el Desarrollo (PNUD) y Coordinadora del<br \/>Proyecto Ciudadan\u00eda Ambiental del Programa de las Naciones Unidas para el Medio<br \/>Ambiente (PNUMA).<\/p>\n<p style=\"text-align: justify;\">Adem\u00e1s, fund\u00f3 y dirigi\u00f3 el Consejo de la Tierra, organizaci\u00f3n no gubernamental con sede en Costa Rica, encargada del seguimiento de los acuerdos suscritos en la<br \/>Conferencia de las Naciones Unidas sobre el Medio Ambiente y el Desarrollo (CNUMAD), celebrada en R\u00edo de Janeiro (Brasil), en 1992.<\/p>\n<p style=\"text-align: justify;\">Alicia B\u00e1rcena ha sido profesora e investigadora de la Universidad Nacional Aut\u00f3noma de M\u00e9xico y ha publicado numerosos art\u00edculos sobre desarrollo sostenible, pol\u00edticas p\u00fablicas, medio ambiente y participaci\u00f3n p\u00fablica. Tiene una licenciatura en Biolog\u00eda y obtuvo una Maestr\u00eda en Administraci\u00f3n P\u00fablica en la Universidad de Harvard. Finaliz\u00f3 los cursos de la Maestr\u00eda en Ecolog\u00eda e inici\u00f3 estudios de doctorado en Econom\u00eda en la Universidad Nacional Aut\u00f3noma de M\u00e9xico.<\/p>\n<table border=\"0\" style=\"border-spacing: 10px;\">\n<tbody>\n<tr>\n<td><img alt=\"Imagen foto_00000001\" border=\"0\" class=\"fotodrag\" id=\"foto_00000001\" src=\"\/web\/site\/artic\/20190415\/imag\/foto_0000000120190415151924.jpg\" data-w=\"360\" data-h=\"240\" \/><\/td>\n<td><img alt=\"Imagen foto_00000003\" border=\"0\" class=\"fotodrag\" id=\"foto_00000003\" src=\"\/web\/site\/artic\/20190415\/imag\/foto_0000000320190415151924.jpg\" data-w=\"360\" data-h=\"240\" \/><\/td>\n<\/tr>\n<\/tbody>\n<\/table>\n\n\n\n<figure class=\"wp-block-image\"><a href=\"https:\/\/photos.app.goo.gl\/un2Kg68m92r3azLM8\" target=\"_blank\"><img loading=\"lazy\" width=\"300\" height=\"60\" src=\"https:\/\/www.uta.cl\/wp-content\/uploads\/2019\/05\/ver_galeria.jpg\" alt=\"\" class=\"wp-image-8828\"\/><\/a><\/figure>\n","protected":false},"excerpt":{"rendered":"<p>Alicia B\u00e1rcena Ibarra asumi\u00f3 como Secretaria Ejecutiva de la Comisi\u00f3n Econ\u00f3mica para Am\u00e9rica Latina y el Caribe (CEPAL) el 1 de julio de 2008 y destaca adem\u00e1s por haberse desempe\u00f1ado como Secretaria General Adjunta de Gesti\u00f3n en la Sede de las Naciones Unidas en Nueva York, cumpliendo adem\u00e1s tareas como Jefa de Gabinete y anteriormente como Jefa Adjunta de Gabinete de Kofi Annan, entonces Secretario General de las Naciones Unidas.<\/p>\n","protected":false},"author":3,"featured_media":11953,"comment_status":"open","ping_status":"open","sticky":false,"template":"","format":"standard","meta":[],"categories":[],"tags":[],"_links":{"self":[{"href":"https:\/\/www.uta.cl\/index.php\/wp-json\/wp\/v2\/posts\/11952"}],"collection":[{"href":"https:\/\/www.uta.cl\/index.php\/wp-json\/wp\/v2\/posts"}],"about":[{"href":"https:\/\/www.uta.cl\/index.php\/wp-json\/wp\/v2\/types\/post"}],"author":[{"embeddable":true,"href":"https:\/\/www.uta.cl\/index.php\/wp-json\/wp\/v2\/users\/3"}],"replies":[{"embeddable":true,"href":"https:\/\/www.uta.cl\/index.php\/wp-json\/wp\/v2\/comments?post=11952"}],"version-history":[{"count":0,"href":"https:\/\/www.uta.cl\/index.php\/wp-json\/wp\/v2\/posts\/11952\/revisions"}],"wp:featuredmedia":[{"embeddable":true,"href":"https:\/\/www.uta.cl\/index.php\/wp-json\/wp\/v2\/media\/11953"}],"wp:attachment":[{"href":"https:\/\/www.uta.cl\/index.php\/wp-json\/wp\/v2\/media?parent=11952"}],"wp:term":[{"taxonomy":"category","embeddable":true,"href":"https:\/\/www.uta.cl\/index.php\/wp-json\/wp\/v2\/categories?post=11952"},{"taxonomy":"post_tag","embeddable":true,"href":"https:\/\/www.uta.cl\/index.php\/wp-json\/wp\/v2\/tags?post=11952"}],"curies":[{"name":"wp","href":"https:\/\/api.w.org\/{rel}","templated":true}]}}