{"id":11950,"date":"2019-04-15T18:14:15","date_gmt":"2019-04-15T18:14:15","guid":{"rendered":"https:\/\/www.uta.cl\/s\/KM_"},"modified":"2019-04-15T18:14:15","modified_gmt":"2019-04-15T18:14:15","slug":"sede-iquique-de-la-universidad-de-tarapaca-inauguro-ano-academico-2019","status":"publish","type":"post","link":"https:\/\/www.uta.cl\/index.php\/2019\/04\/15\/sede-iquique-de-la-universidad-de-tarapaca-inauguro-ano-academico-2019\/","title":{"rendered":"Sede Iquique de la Universidad de Tarapac\u00e1 inaugur\u00f3 A\u00f1o Acad\u00e9mico 2019"},"content":{"rendered":"\n<p style=\"text-align: justify;\"><img loading=\"lazy\" alt=\"Imagen foto_00000001\" class=\"fotodrag\" height=\"223\" id=\"foto_00000001\" src=\"\/web\/site\/artic\/20190415\/imag\/foto_0000000120190415181415.jpg\" style=\"float: left; margin-left: 10px; margin-right: 10px;\" width=\"360\" data-w=\"550\" data-h=\"341\" \/>&#8220;Estado actual de la Educaci\u00f3n Superior y sus desaf\u00edos de futuro&#8221;, se titul\u00f3 la clase magistral que ofreci\u00f3 el experto en educaci\u00f3n, Dr. Jos\u00e9 Joaqu\u00edn Brunner Ried, frente a la Comunidad Universitaria de la sede Iquique y los invitados especiales que acompa\u00f1aron la solemne ceremonia de Inauguraci\u00f3n del A\u00f1o Acad\u00e9mico de esta Casa de Estudios Superiores.<\/p>\n<p style=\"text-align: justify;\">En su discurso el Rector de la Universidad de Tarapac\u00e1, Dr. Emilio Rodr\u00edguez Ponce destac\u00f3 que, &#8220;el Campus La Tirana considera una inversi\u00f3n de 4.260 millones para posicionarnos con la calidad que nos corresponde como Universidad, tambi\u00e9n en Iquique llevamos el nombre de la regi\u00f3n. Vamos avanzando con fuerza, decididamente dentro del espiral de crecimiento y desarrollo que tiene Tarapac\u00e1&#8221;.<\/p>\n<p style=\"text-align: justify;\"><img loading=\"lazy\" alt=\"Imagen foto_00000002\" class=\"fotodrag\" height=\"216\" id=\"foto_00000002\" src=\"\/web\/site\/artic\/20190415\/imag\/foto_0000000220190415181415.jpg\" style=\"margin-left: 10px; margin-right: 10px; float: left;\" width=\"230\" data-w=\"360\" data-h=\"338\" \/>Asimismo, hizo referencia a la reforma que experimenta la Educaci\u00f3n Superior chilena en los pr\u00f3ximos a\u00f1os, enfatizando que &#8220;no hay m\u00e1s recursos para gratuidad. Este a\u00f1o, 26 mil familias pierden la gratuidad e ir\u00e1 creciendo ese indicador en los pr\u00f3ximos a\u00f1os&#8221;. En ese contexto, la m\u00e1xima autoridad universitaria hizo referencia a los desaf\u00edos a enfrentar ante el escenario de la nueva reforma educacional: &#8220;Esta es una Universidad de clase nacional. Los indicadores y rankings nos sit\u00faan ya a nivel mundial y en Latinoam\u00e9rica de forma emergente. Vamos a enfrentar estos desaf\u00edos con eficiencia, como un aspecto concreto&#8221;.<\/p>\n<p style=\"text-align: justify;\">Posterior a la intervenci\u00f3n del Dr. Rodr\u00edguez, fue el tiempo de la clase magistral del Dr. Jos\u00e9 Joaqu\u00edn Brunner, que plante\u00f3 en su presentaci\u00f3n un an\u00e1lisis de la contingencia de la educaci\u00f3n superior, contextualizada de Chile en el contexto internacional, apreciando distintas fuentes de indicadores, para avalar la expansi\u00f3n de la educaci\u00f3n superior de los \u00faltimos treinta a\u00f1os y el aumento del acceso con m\u00e1s de un mill\u00f3n doscientos chilenos que en la actualidad est\u00e1n cursando un programa en la educaci\u00f3n superior.<\/p>\n<p style=\"text-align: justify;\"><img loading=\"lazy\" alt=\"Imagen foto_00000004\" class=\"fotodrag\" height=\"226\" id=\"foto_00000004\" src=\"\/web\/site\/artic\/20190415\/imag\/foto_0000000420190415181415.jpg\" style=\"float: left; margin-left: 10px; margin-right: 10px;\" width=\"299\" data-w=\"360\" data-h=\"273\" \/>&#8220;El Estado no est\u00e1 en condiciones de hacerse cargo en el conjunto de la demanda de educaci\u00f3n superior. A nivel mundial, en los \u00faltimos cien a\u00f1os, ha crecido solo la educaci\u00f3n privada, porque los viejos modelos de universidades consideraba un rol estatal, que generara un patrocinio, protecci\u00f3n, desarrollo y fomento&#8221;, indic\u00f3 el Dr. Brunner. Agreg\u00f3 que, &#8220;los rankings son mecanismos creados por el sector privado, pero que busca por medio de estos indicadores, comparar como est\u00e1 yendo en la cooperaci\u00f3n y la competencia a las distintas universidades&#8221;.<\/p>\n<p style=\"text-align: justify;\">El solemne acto cont\u00f3 con la asistencia de la directora general de sede, Dra. Yasna Godoy Henr\u00edquez; el alcalde de la Ilustre Municipalidad de Iquique, Mauricio Soria M.; Natan Olivos N\u00fa\u00f1ez, secretario regional de Educaci\u00f3n; Ricardo Villalba, director regional de la Superintendencia de Educaci\u00f3n; Dr. Alfonso D\u00edaz Aguad, Vicerrector Acad\u00e9mico; Dr. Jorge Bernal, vicerrector (s) de Administraci\u00f3n y Finanzas; Dra. Claudia Moraga, directora de Equidad de G\u00e9nero; acad\u00e9micos, directores de colegios, estudiantes de las respectivas carreras de pregrado e invitados especiales.<\/p>\n<p><img alt=\"Imagen foto_00000003\" border=\"0\" class=\"fotodrag\" id=\"foto_00000003\" src=\"\/web\/site\/artic\/20190415\/imag\/foto_0000000320190415181415.jpg\" style=\"display: block; margin-left: auto; margin-right: auto;\" data-w=\"360\" data-h=\"249\" \/><\/p>\n<p style=\"text-align: justify;\">Al finalizar la ceremonia de Inauguraci\u00f3n del A\u00f1o Acad\u00e9mico 2019 de la Universidad de Tarapac\u00e1 sede Iquique, la Directora General de Sede, expres\u00f3 que, &#8220;es un privilegio tener en Iquique a nuestro invitado de clase mundial. Ha mostrado de forma panor\u00e1mica la situaci\u00f3n actual y los desaf\u00edos que estamos emprendiendo. En este contexto, hay una invitaci\u00f3n a hacer reflexi\u00f3n y hacer academia en esta hermosa regi\u00f3n donde la UTA lleg\u00f3 hace a\u00f1os y su proyecto de Sistema de Direcci\u00f3n Estrat\u00e9gica tiene como eje central, el progreso, la consolidaci\u00f3n del pregrado, postrado y la investigaci\u00f3n&#8221;.<\/p>\n<p style=\"text-align: justify;\">Jos\u00e9 Joaqu\u00edn Brunner sobre la Uta: Es una Universidad respetada y respetable.<\/p>\n<p style=\"text-align: justify;\">&#8220;Es un honor estar aqu\u00ed. El valor de esta ceremonia lo da la universidad que lo organiza. Es una universidad que es respetada. Ha hecho un trabajo interesante en los \u00faltimos quince a\u00f1os, tiene una actividad robusta y con una trayectoria ascendente en el campo de la investigaci\u00f3n, no solo en el n\u00famero de proyectos sino en el n\u00famero de resultados. Hay una calidad muy alta en la universidad&#8221;.<\/p>\n<p style=\"text-align: justify;\">Mauricio Soria, alcalde de Iquique &#8220;Tener la Uta en Iquique nos hace feliz&#8221;<\/p>\n<p style=\"text-align: justify;\">El alcalde de Iquique, Mauricio Soria Macchiavello, manifest\u00f3: &#8220;Estamos muy felices que est\u00e9 la Uta en Iquique. Una importante universidad de nuestro pa\u00eds, reconocida internacionalmente. Hemos compartido con los acad\u00e9micos y estamos trabajando en distintos \u00e1mbitos, como se despliegan en la regi\u00f3n. Tenemos convenios firmados y vigentes&#8221;. Su impresi\u00f3n acerca de la ponencia del Profesor Brunner, &#8220;fue una gran exposici\u00f3n sobre la realidad que enfrentan las universidades, y en particular, es importante la inversi\u00f3n que est\u00e1n haciendo en la ciudad. En un sector de Iquique que se va expandiendo, no solo con viviendas, sino que vamos repartiendo la ciudad. Tenemos el polo de desarrollo de la educaci\u00f3n en Iquique y damos la bienvenida desde ya a todos los que lleguen a la ciudad&#8221;.<\/p>\n\n\n\n<figure class=\"wp-block-image\"><a href=\"https:\/\/photos.app.goo.gl\/uJ8kQNze6pCU2egHA\" target=\"_blank\"><img loading=\"lazy\" width=\"300\" height=\"60\" src=\"https:\/\/www.uta.cl\/wp-content\/uploads\/2019\/05\/ver_galeria.jpg\" alt=\"\" class=\"wp-image-8828\"\/><\/a><\/figure>\n","protected":false},"excerpt":{"rendered":"<p>&#8220;Estado actual de la Educaci\u00f3n Superior y sus desaf\u00edos de futuro&#8221;, se titul\u00f3 la clase magistral que ofreci\u00f3 el experto en educaci\u00f3n, Dr. Jos\u00e9 Joaqu\u00edn Brunner Ried, frente a la Comunidad Universitaria de la sede Iquique y los invitados especiales que acompa\u00f1aron la solemne ceremonia de Inauguraci\u00f3n del A\u00f1o Acad\u00e9mico de esta Casa de Estudios [&hellip;]<\/p>\n","protected":false},"author":3,"featured_media":11951,"comment_status":"open","ping_status":"open","sticky":false,"template":"","format":"standard","meta":[],"categories":[],"tags":[],"_links":{"self":[{"href":"https:\/\/www.uta.cl\/index.php\/wp-json\/wp\/v2\/posts\/11950"}],"collection":[{"href":"https:\/\/www.uta.cl\/index.php\/wp-json\/wp\/v2\/posts"}],"about":[{"href":"https:\/\/www.uta.cl\/index.php\/wp-json\/wp\/v2\/types\/post"}],"author":[{"embeddable":true,"href":"https:\/\/www.uta.cl\/index.php\/wp-json\/wp\/v2\/users\/3"}],"replies":[{"embeddable":true,"href":"https:\/\/www.uta.cl\/index.php\/wp-json\/wp\/v2\/comments?post=11950"}],"version-history":[{"count":0,"href":"https:\/\/www.uta.cl\/index.php\/wp-json\/wp\/v2\/posts\/11950\/revisions"}],"wp:featuredmedia":[{"embeddable":true,"href":"https:\/\/www.uta.cl\/index.php\/wp-json\/wp\/v2\/media\/11951"}],"wp:attachment":[{"href":"https:\/\/www.uta.cl\/index.php\/wp-json\/wp\/v2\/media?parent=11950"}],"wp:term":[{"taxonomy":"category","embeddable":true,"href":"https:\/\/www.uta.cl\/index.php\/wp-json\/wp\/v2\/categories?post=11950"},{"taxonomy":"post_tag","embeddable":true,"href":"https:\/\/www.uta.cl\/index.php\/wp-json\/wp\/v2\/tags?post=11950"}],"curies":[{"name":"wp","href":"https:\/\/api.w.org\/{rel}","templated":true}]}}