{"id":11948,"date":"2019-04-16T11:05:53","date_gmt":"2019-04-16T11:05:53","guid":{"rendered":"https:\/\/www.uta.cl\/s\/Gf_"},"modified":"2019-04-16T11:05:53","modified_gmt":"2019-04-16T11:05:53","slug":"cual-es-el-origen-genetico-de-los-chilenos","status":"publish","type":"post","link":"https:\/\/www.uta.cl\/index.php\/2019\/04\/16\/cual-es-el-origen-genetico-de-los-chilenos\/","title":{"rendered":"\u00bfCu\u00e1l es el origen gen\u00e9tico de los chilenos?"},"content":{"rendered":"\n<p style=\"text-align: justify;\"><img loading=\"lazy\" alt=\"Imagen foto_00000001\" class=\"fotodrag\" height=\"203\" id=\"foto_00000001\" src=\"\/web\/site\/artic\/20190416\/imag\/foto_0000000120190416110553.jpg\" style=\"float: left; margin-left: 10px; margin-right: 10px;\" width=\"305\" data-w=\"900\" data-h=\"600\" \/>A pesar del esfuerzo realizado por numerosos investigadores, el conocimiento existente acerca del origen de la mayor\u00eda de los pueblos originarios chilenos contin\u00faa siendo incompleto y hasta cierto punto contradictorio.<\/p>\n<p style=\"text-align: justify;\">Necesidad que busc\u00f3 atender el estudio llamado \u00bfPuede el ADN mitocondrial proporcionar informaci\u00f3n sobre la etnog\u00e9nesis de los pueblos originarios chilenos?, para contribuir al esclarecimiento de este importante aspecto de la historia del pueblo chileno. Trabajo de los investigadores Francisco Rothhammer, Giannina Puddu y Macarena Fuentes-Guajardo, del Instituto de Alta Investigaci\u00f3n de la Universidad de Tarapac\u00e1, del University College London, y del Departamento de Tecnolog\u00eda M\u00e9dica de la Universidad de Tarapac\u00e1, respectivamente.<\/p>\n<p style=\"text-align: justify;\">El prop\u00f3sito era aclarar el origen de los grupos originarios chilenos. Porque hay muchas ideas, pero nada concreto sobre el origen gen\u00e9tico de quienes habitaron nuestro territorio, indica Francisco Rothhammer, investigador de la Universidad de Tarapac\u00e1. &#8220;Se sab\u00eda algo sobre los mapuches, pero no exist\u00eda una visi\u00f3n en conjunto&#8221;, se\u00f1ala.<\/p>\n<p style=\"text-align: justify;\">Rothhammer destaca por sus investigaciones en gen\u00e9tica y las ciencias en Chile y el extranjero. &#8220;Es un trabajo de toda la vida, llevo trabajando 40 a\u00f1os en el tema&#8221; reconoce. Labor por la cual en el a\u00f1o 2016 se le otorg\u00f3 el Premio Nacional de Ciencia.<\/p>\n<p style=\"text-align: justify;\"><span style=\"text-decoration: underline;\">Fuente:<\/span> <a href=\"https:\/\/www.latercera.com\/que-pasa\/noticia\/origen-genetico-los-chilenos\/614563\/\" target=\"_blank\">https:\/\/www.latercera.com\/que-pasa\/noticia\/origen-genetico-los-chilenos\/614563\/<\/a><\/p>\n<p style=\"text-align: justify;\"><img alt=\"Imagen foto_00000002\" class=\"fotodrag\" id=\"foto_00000002\" src=\"\/web\/site\/artic\/20190416\/imag\/foto_0000000220190416110553.jpg\" width=\"100%\" data-w=\"2250\" data-h=\"8181\" \/><\/p>\n","protected":false},"excerpt":{"rendered":"<p>Una pionera investigaci\u00f3n de la Universidad de Tarapac\u00e1 analiz\u00f3 el origen de los pueblos aut\u00f3ctonos en Chile<\/p>\n","protected":false},"author":3,"featured_media":11949,"comment_status":"open","ping_status":"open","sticky":false,"template":"","format":"standard","meta":[],"categories":[],"tags":[],"_links":{"self":[{"href":"https:\/\/www.uta.cl\/index.php\/wp-json\/wp\/v2\/posts\/11948"}],"collection":[{"href":"https:\/\/www.uta.cl\/index.php\/wp-json\/wp\/v2\/posts"}],"about":[{"href":"https:\/\/www.uta.cl\/index.php\/wp-json\/wp\/v2\/types\/post"}],"author":[{"embeddable":true,"href":"https:\/\/www.uta.cl\/index.php\/wp-json\/wp\/v2\/users\/3"}],"replies":[{"embeddable":true,"href":"https:\/\/www.uta.cl\/index.php\/wp-json\/wp\/v2\/comments?post=11948"}],"version-history":[{"count":0,"href":"https:\/\/www.uta.cl\/index.php\/wp-json\/wp\/v2\/posts\/11948\/revisions"}],"wp:featuredmedia":[{"embeddable":true,"href":"https:\/\/www.uta.cl\/index.php\/wp-json\/wp\/v2\/media\/11949"}],"wp:attachment":[{"href":"https:\/\/www.uta.cl\/index.php\/wp-json\/wp\/v2\/media?parent=11948"}],"wp:term":[{"taxonomy":"category","embeddable":true,"href":"https:\/\/www.uta.cl\/index.php\/wp-json\/wp\/v2\/categories?post=11948"},{"taxonomy":"post_tag","embeddable":true,"href":"https:\/\/www.uta.cl\/index.php\/wp-json\/wp\/v2\/tags?post=11948"}],"curies":[{"name":"wp","href":"https:\/\/api.w.org\/{rel}","templated":true}]}}