{"id":11946,"date":"2019-04-16T18:25:09","date_gmt":"2019-04-16T18:25:09","guid":{"rendered":"https:\/\/www.uta.cl\/s\/MG_"},"modified":"2019-04-16T18:25:09","modified_gmt":"2019-04-16T18:25:09","slug":"rector-dr-emilio-rodriguez-ponce-recibe-saludo-protocolar-de-su-simil","status":"publish","type":"post","link":"https:\/\/www.uta.cl\/index.php\/2019\/04\/16\/rector-dr-emilio-rodriguez-ponce-recibe-saludo-protocolar-de-su-simil\/","title":{"rendered":"Rector Dr. Emilio Rodr\u00edguez Ponce recibe saludo protocolar de su simil de la Universidad Nacional Jorge Basadre Grohmann"},"content":{"rendered":"\n<p style=\"text-align: justify;\"><img alt=\"Imagen foto_00000004\" class=\"fotodrag\" id=\"foto_00000004\" src=\"\/web\/site\/artic\/20190416\/imag\/foto_0000000420190416182509.jpg\" style=\"float: left; margin-left: 10px; margin-right: 10px;\" data-w=\"360\" data-h=\"240\" \/>Una visita protocolar al Rector de la Universidad de Tarapac\u00e1, Dr. Emilio Rodr\u00edguez Ponce, realiz\u00f3 este jueves 11 de abril el Rector de la Universidad Nacional Jorge Basadre Grohmann, Adilio Portella Valverde, ocasi\u00f3n en la que conversaron sobre el trabajo en conjunto que realizar\u00e1n ante la presentaci\u00f3n del Programa de Creaci\u00f3n de Ecosistema Productivo Fronterizo Arica-Tacna, proyecto articulado entre ambas instituciones y que cuenta con el apoyo de la Comisi\u00f3n Econ\u00f3mica para Am\u00e9rica Latina y el Caribe (CEPAL).<\/p>\n<p style=\"text-align: justify;\"><img alt=\"Imagen foto_00000008\" class=\"fotodrag\" id=\"foto_00000008\" src=\"\/web\/site\/artic\/20190416\/imag\/foto_0000000820190416182509.jpg\" style=\"margin-left: 10px; margin-right: 10px; float: right;\" data-w=\"360\" data-h=\"240\" \/>El Rector Adilio Portella, quien adem\u00e1s fue invitado especial para asistir a la ceremonia de Inauguraci\u00f3n del A\u00f1o Acad\u00e9mico de la Universidad de Tarapac\u00e1 indic\u00f3 que, &#8220;me alegra y honra la invitaci\u00f3n cursada por el Rector de la Universidad de Tarapac\u00e1, lo que demuestra que nos estamos uniendo nuevamente. Nuestra universidad es una instituci\u00f3n licenciada, es decir, acreditada, en un proceso de mejora continua. Contamos con doce carreras profesionales en proceso de acreditaci\u00f3n, seis de las cuales ya aprobaron la primera etapa y tenemos actualmente 42 proyectos de investigaci\u00f3n en diferentes \u00e1reas con financiamiento y planes de ejecuci\u00f3n a los cuales pueden incorporarse acad\u00e9micos de la UTA en su desarrollo y luego en su publicaci\u00f3n. Tenemos 31 proyectos de inversi\u00f3n p\u00fablica para el mejoramiento de todas las carreras de nuestra universidad. Tenemos ganas de seguir trabajando en conjunto con la UTA en beneficio directo de nuestros estudiantes&#8221;.<\/p>\n<p style=\"text-align: justify;\">En este sentido, el Rector de la Universidad de Tarapac\u00e1, Dr. Emilio Rodr\u00edguez Ponce, agradeci\u00f3 la visita de la autoridad universitaria: &#8220;Suma otro elemento m\u00e1s en nuestra configuraci\u00f3n de una estrategia de integraci\u00f3n transfronteriza, creemos que una universidad tan emblem\u00e1tica como la Jorge Basadre que adem\u00e1s es del Estado del Per\u00fa, en una zona lim\u00edtrofe como lo es nuestra Universidad, tienen roles equivalentes, y en consecuencia, estamos explorando a trav\u00e9s de la investigaci\u00f3n qu\u00e9 proyectos se pueden investigar en conjunto y abrirnos incluso a otras \u00e1reas como el postgrado, mag\u00edster y doctorado, porque esta es una universidad que ha ido consolidando su quehacer en los \u00faltimos a\u00f1os en Per\u00fa, est\u00e1 licenciada con destacados investigadores y nosotros tambi\u00e9n como UTA, tenemos esta vocaci\u00f3n de trabajar en alianzas estrat\u00e9gicas con los pa\u00edses vecinos, en el marco de la macroregi\u00f3n centro sur andina&#8221;.<\/p>\n<p style=\"text-align: justify;\"><img alt=\"Imagen foto_00000006\" class=\"fotodrag\" id=\"foto_00000006\" src=\"\/web\/site\/artic\/20190416\/imag\/foto_0000000620190416182509.jpg\" style=\"float: left; margin-left: 10px; margin-right: 10px;\" data-w=\"360\" data-h=\"240\" \/>En este mismo contexto, la m\u00e1xima autoridad universitaria se refiri\u00f3 al trabajo en conjunto ante la presentaci\u00f3n del programa de creaci\u00f3n de ecosistema productivo Bifronterizo que se realiza con la UNJBG, destacando que, &#8220;son oportunidades que estamos explorando con bastante optimismo porque adem\u00e1s estamos trabajando en conjunto en un proyecto mayor con la CEPAL para el desarrollo productivo de las zonas fronterizas de Arica y Tacna&#8221;.<\/p>\n","protected":false},"excerpt":{"rendered":"<p>Una visita protocolar al Rector de la Universidad de Tarapac\u00e1, Dr. Emilio Rodr\u00edguez Ponce, realiz\u00f3 este jueves 11 de abril el Rector de la Universidad Nacional Jorge Basadre Grohmann, Adilio Portella Valverde, ocasi\u00f3n en la que conversaron sobre el trabajo en conjunto que realizar\u00e1n ante la presentaci\u00f3n del Programa de Creaci\u00f3n de Ecosistema Productivo Fronterizo [&hellip;]<\/p>\n","protected":false},"author":3,"featured_media":11947,"comment_status":"open","ping_status":"open","sticky":false,"template":"","format":"standard","meta":[],"categories":[],"tags":[],"_links":{"self":[{"href":"https:\/\/www.uta.cl\/index.php\/wp-json\/wp\/v2\/posts\/11946"}],"collection":[{"href":"https:\/\/www.uta.cl\/index.php\/wp-json\/wp\/v2\/posts"}],"about":[{"href":"https:\/\/www.uta.cl\/index.php\/wp-json\/wp\/v2\/types\/post"}],"author":[{"embeddable":true,"href":"https:\/\/www.uta.cl\/index.php\/wp-json\/wp\/v2\/users\/3"}],"replies":[{"embeddable":true,"href":"https:\/\/www.uta.cl\/index.php\/wp-json\/wp\/v2\/comments?post=11946"}],"version-history":[{"count":0,"href":"https:\/\/www.uta.cl\/index.php\/wp-json\/wp\/v2\/posts\/11946\/revisions"}],"wp:featuredmedia":[{"embeddable":true,"href":"https:\/\/www.uta.cl\/index.php\/wp-json\/wp\/v2\/media\/11947"}],"wp:attachment":[{"href":"https:\/\/www.uta.cl\/index.php\/wp-json\/wp\/v2\/media?parent=11946"}],"wp:term":[{"taxonomy":"category","embeddable":true,"href":"https:\/\/www.uta.cl\/index.php\/wp-json\/wp\/v2\/categories?post=11946"},{"taxonomy":"post_tag","embeddable":true,"href":"https:\/\/www.uta.cl\/index.php\/wp-json\/wp\/v2\/tags?post=11946"}],"curies":[{"name":"wp","href":"https:\/\/api.w.org\/{rel}","templated":true}]}}