{"id":11942,"date":"2019-04-18T12:29:41","date_gmt":"2019-04-18T12:29:41","guid":{"rendered":"https:\/\/www.uta.cl\/s\/NK_"},"modified":"2019-04-18T12:29:41","modified_gmt":"2019-04-18T12:29:41","slug":"decanos-de-agronomia-del-cruch-discuten-sobre-los-desafios-del","status":"publish","type":"post","link":"https:\/\/www.uta.cl\/index.php\/2019\/04\/18\/decanos-de-agronomia-del-cruch-discuten-sobre-los-desafios-del\/","title":{"rendered":"Decanos de Agronom\u00eda del CRUCH discuten sobre los desaf\u00edos del aprendizaje"},"content":{"rendered":"\n<p style=\"text-align: justify;\"><img loading=\"lazy\" alt=\"Imagen foto_00000002\" class=\"fotodrag\" height=\"216\" id=\"foto_00000002\" src=\"\/web\/site\/artic\/20190418\/imag\/foto_0000000220190418122941.jpg\" style=\"float: left; margin-left: 10px; margin-right: 10px;\" width=\"331\" data-w=\"577\" data-h=\"377\" \/>El Consejo de Decanos de Facultades de Agronom\u00eda del CRUCH sesion\u00f3 en conjunto con los Jefes de Carrera y Directores de Escuela de las facultades acreditadas, donde la Universidad de Tarapac\u00e1 fue representada por su Decana, Dra. Pilar Mazuela y el Jefe de Carrera (s), M.Sc. Juan Trevizan Rispoli. La convocatoria tuvo como objetivos debatir frente a los desaf\u00edos que enfrenta la docencia ante las nuevas generaciones de estudiantes con sus propios estilos de vida. H\u00e9ctor Turra, profesional del Centro de Desarrollo e Innovaci\u00f3n de la Docencia (CeDID) UC Temuco, expuso sobre &#8220;Principios pedag\u00f3gicos y fundamentos te\u00f3ricos para el desarrollo de actividades de ense\u00f1anza-aprendizaje efectivas en estudiantes de Ciencias Agropecuarias&#8221;. Posteriormente, el Dr. Nicol\u00e1s Schiappacasse expuso sobre &#8220;Estrategias de aprendizaje activo y gramificaci\u00f3n&#8221; y la Dra. Gina Leonelli habl\u00f3 de su experiencia en &#8220;Aplicaci\u00f3n de estrategias de aprendizaje y servicio con estudiantes de agronom\u00eda.<\/p>\n<p style=\"text-align: justify;\">&#8220;Tocamos como tema las estrategias de aprendizaje que debemos aplicar en estudiantes del \u00e1rea de Agronom\u00eda, en estos tiempos en que la tecnolog\u00eda desarrolla una serie de inquietudes en los estudiantes, pero los desconecta en alguna medida con la clase que uno quiera ense\u00f1arles&#8221;, coment\u00f3 el Dr. Iv\u00e1n Valdebenito Isler, decano de la Facultad de Recursos Naturales y anfitri\u00f3n del evento.<\/p>\n<p style=\"text-align: justify;\">El presidente del Consejo de Decanos de Agronom\u00eda y acad\u00e9mico de la Universidad de La Frontera (UFRO), Rodolfo Pih\u00e1n, valor\u00f3 que la UC Temuco haya encabezado la recepci\u00f3n de la reuni\u00f3n adem\u00e1s con un tema relevante para la docencia. &#8220;Dado que la UC Temuco tiene un equipo bastante fuerte en apoyo docente, la presentaci\u00f3n de H\u00e9ctor Turra, que es un especialista en formaci\u00f3n en educaci\u00f3n y que nos ilustr\u00f3 sobre distintas metodolog\u00edas de ense\u00f1anza, gener\u00f3 discusi\u00f3n en los distintos directores y distintos decanos. Creemos de que con esto vamos mejorando cada uno de nosotros nuestros propios procesos de formaci\u00f3n de nuestros estudiantes, principalmente con el intercambio de las cosas m\u00e1s positivas&#8221;, se\u00f1al\u00f3 Pih\u00e1n.<\/p>\n<p style=\"text-align: justify;\">Durante la segunda jornada de trabajo, los Decanos trabajaron en torno al reglamento de movilidad estudiantil de la carrera de Agronom\u00eda para luego recibir al Presidente de la Sociedad Agron\u00f3mica de Chile, Sr. Horst Berger y a la Directora Nacional de ODEPA, Sra, Mar\u00eda Emilia Undurraga.<\/p>\n<p><img alt=\"Imagen foto_00000001\" border=\"0\" class=\"fotodrag\" id=\"foto_00000001\" src=\"\/web\/site\/artic\/20190418\/imag\/foto_0000000120190418122941.jpg\" style=\"display: block; margin-left: auto; margin-right: auto;\" data-w=\"500\" data-h=\"285\" \/><\/p>\n","protected":false},"excerpt":{"rendered":"<p>Los representantes de las facultades con Agronom\u00eda de las 10 Universidades del Consejo de Rectores acreditadas, sesionaron en campus San Juan Pablo II, de la Universidad Cat\u00f3lica de Temuco<\/p>\n","protected":false},"author":3,"featured_media":11943,"comment_status":"open","ping_status":"open","sticky":false,"template":"","format":"standard","meta":[],"categories":[],"tags":[],"_links":{"self":[{"href":"https:\/\/www.uta.cl\/index.php\/wp-json\/wp\/v2\/posts\/11942"}],"collection":[{"href":"https:\/\/www.uta.cl\/index.php\/wp-json\/wp\/v2\/posts"}],"about":[{"href":"https:\/\/www.uta.cl\/index.php\/wp-json\/wp\/v2\/types\/post"}],"author":[{"embeddable":true,"href":"https:\/\/www.uta.cl\/index.php\/wp-json\/wp\/v2\/users\/3"}],"replies":[{"embeddable":true,"href":"https:\/\/www.uta.cl\/index.php\/wp-json\/wp\/v2\/comments?post=11942"}],"version-history":[{"count":0,"href":"https:\/\/www.uta.cl\/index.php\/wp-json\/wp\/v2\/posts\/11942\/revisions"}],"wp:featuredmedia":[{"embeddable":true,"href":"https:\/\/www.uta.cl\/index.php\/wp-json\/wp\/v2\/media\/11943"}],"wp:attachment":[{"href":"https:\/\/www.uta.cl\/index.php\/wp-json\/wp\/v2\/media?parent=11942"}],"wp:term":[{"taxonomy":"category","embeddable":true,"href":"https:\/\/www.uta.cl\/index.php\/wp-json\/wp\/v2\/categories?post=11942"},{"taxonomy":"post_tag","embeddable":true,"href":"https:\/\/www.uta.cl\/index.php\/wp-json\/wp\/v2\/tags?post=11942"}],"curies":[{"name":"wp","href":"https:\/\/api.w.org\/{rel}","templated":true}]}}