{"id":11938,"date":"2019-04-18T12:51:58","date_gmt":"2019-04-18T12:51:58","guid":{"rendered":"https:\/\/www.uta.cl\/ii-congreso-internacional-universidad-y-colectivos-vulnerables-ii\/web\/2019-04-18\/125158.html"},"modified":"2019-04-18T12:51:58","modified_gmt":"2019-04-18T12:51:58","slug":"ii-congreso-internacional-universidad-y-colectivos-vulnerables-ii","status":"publish","type":"post","link":"https:\/\/www.uta.cl\/index.php\/2019\/04\/18\/ii-congreso-internacional-universidad-y-colectivos-vulnerables-ii\/","title":{"rendered":"II Congreso Internacional: Universidad y Colectivos Vulnerables (II CICV) del Observatorio Regional para la Calidad de la Equidad en la Educaci\u00f3n Superior ORACLE"},"content":{"rendered":"\n<p style=\"text-align: justify;\">A dos a\u00f1os del inicio de este proyecto que lleva a cabo la Universidad de Tarapac\u00e1, se invita a la comunidad acad\u00e9mica a participar del II Congreso Internacional Universidad y Colectivos Vulnerables, cuyo objetivo es compartir experiencias sobre la inclusi\u00f3n en educaci\u00f3n superior, contrastar resultados de proyectos con tem\u00e1ticas similares, analizar la equidad en las instituciones de Educaci\u00f3n Superior, discutir estrategias, acciones, programas y buenas pr\u00e1cticas en la promoci\u00f3n de la equidad, entre otras.<\/p>\n<p><img alt=\"Imagen foto_00000001\" border=\"0\" class=\"fotodrag\" id=\"foto_00000001\" src=\"\/web\/site\/artic\/20190418\/imag\/foto_0000000120190418125158.jpg\" style=\"display: block; margin-left: auto; margin-right: auto;\" data-w=\"720\" data-h=\"265\" \/><\/p>\n<p style=\"text-align: justify;\">En este evento se presentar\u00e1n los principales resultados del proyecto ORACLE alcanzados a la fecha, dando continuidad adem\u00e1s, a las tem\u00e1ticas desarrolladas en la primera edici\u00f3n, en realizada el a\u00f1o 2014.<\/p>\n<p style=\"text-align: justify;\"><strong>CONGRESO<\/strong><\/p>\n<p style=\"text-align: justify;\">El Congreso se celebrar\u00e1 en la ciudad de Medell\u00edn, Colombia, entre los d\u00edas 5 y 6 de septiembre de 2019, y las l\u00edneas tem\u00e1ticas sobre las que se pueden presentar aportaciones son: Promoci\u00f3n de la calidad de la equidad en educaci\u00f3n superior; Educaci\u00f3n Superior, equidad, vulnerabilidad y educaci\u00f3n inclusiva; acceso y progreso de colectivos vulnerables en la universidad; estrategias, acciones, programas y pol\u00edticas que favorecen la equidad en las instituciones de Educaci\u00f3n Superior; buenas pr\u00e1cticas y experiencias exitosas para la promoci\u00f3n de la calidad de la equidad en la Educaci\u00f3n Superior.<\/p>\n<p style=\"text-align: justify;\">Cabe destacar que hasta el d\u00eda 1 de mayo de 2019 est\u00e1 abierto el plazo para la presentaci\u00f3n de aportaciones, en la modalidad de p\u00f3ster y comunicaci\u00f3n.<\/p>\n<p style=\"text-align: justify;\"><strong>PROYECTO ORACLE<\/strong><\/p>\n<p style=\"text-align: justify;\">ORACLE es un proyecto financiado por la Uni\u00f3n Europea (UE) en el que participan un conjunto de 35 instituciones, 30 de Am\u00e9rica Latina y 5 de Europa. Su prop\u00f3sito es crear un observatorio que a nivel regional se encargue de la equidad en las instituciones de Educaci\u00f3n Superior, partiendo de la premisa que la calidad de estas no puede comprenderse sin incorporar la equidad al constructo calidad.<\/p>\n<p style=\"text-align: justify;\">Ante cualquier consulta puede contactarse con los organizadores de la actividad al correo: oraclecongreso@udea.edu.co y para obtener mayor informaci\u00f3n sobre proyecto ORACLE visite: http:\/\/observatorio-oracle.org\/<\/p>\n","protected":false},"excerpt":{"rendered":"<p>Actividad se enmarca en las actividades del proyecto ORACLE el cual se desarrolla en la UTA manteniendo una activa participaci\u00f3n<\/p>\n","protected":false},"author":3,"featured_media":11939,"comment_status":"open","ping_status":"open","sticky":false,"template":"","format":"standard","meta":[],"categories":[],"tags":[],"_links":{"self":[{"href":"https:\/\/www.uta.cl\/index.php\/wp-json\/wp\/v2\/posts\/11938"}],"collection":[{"href":"https:\/\/www.uta.cl\/index.php\/wp-json\/wp\/v2\/posts"}],"about":[{"href":"https:\/\/www.uta.cl\/index.php\/wp-json\/wp\/v2\/types\/post"}],"author":[{"embeddable":true,"href":"https:\/\/www.uta.cl\/index.php\/wp-json\/wp\/v2\/users\/3"}],"replies":[{"embeddable":true,"href":"https:\/\/www.uta.cl\/index.php\/wp-json\/wp\/v2\/comments?post=11938"}],"version-history":[{"count":0,"href":"https:\/\/www.uta.cl\/index.php\/wp-json\/wp\/v2\/posts\/11938\/revisions"}],"wp:featuredmedia":[{"embeddable":true,"href":"https:\/\/www.uta.cl\/index.php\/wp-json\/wp\/v2\/media\/11939"}],"wp:attachment":[{"href":"https:\/\/www.uta.cl\/index.php\/wp-json\/wp\/v2\/media?parent=11938"}],"wp:term":[{"taxonomy":"category","embeddable":true,"href":"https:\/\/www.uta.cl\/index.php\/wp-json\/wp\/v2\/categories?post=11938"},{"taxonomy":"post_tag","embeddable":true,"href":"https:\/\/www.uta.cl\/index.php\/wp-json\/wp\/v2\/tags?post=11938"}],"curies":[{"name":"wp","href":"https:\/\/api.w.org\/{rel}","templated":true}]}}