{"id":11936,"date":"2019-04-18T12:56:55","date_gmt":"2019-04-18T12:56:55","guid":{"rendered":"https:\/\/www.uta.cl\/s\/O0_"},"modified":"2019-04-18T12:56:55","modified_gmt":"2019-04-18T12:56:55","slug":"academicos-de-reciente-ingreso-participan-en-induccion-del-modelo","status":"publish","type":"post","link":"https:\/\/www.uta.cl\/index.php\/2019\/04\/18\/academicos-de-reciente-ingreso-participan-en-induccion-del-modelo\/","title":{"rendered":"Acad\u00e9micos de reciente ingreso participan en Inducci\u00f3n del Modelo Educativo"},"content":{"rendered":"\n<p style=\"text-align: justify;\"><img loading=\"lazy\" alt=\"Imagen foto_00000001\" class=\"fotodrag\" height=\"236\" id=\"foto_00000001\" src=\"\/web\/site\/artic\/20190418\/imag\/foto_0000000120190418125655.jpg\" style=\"float: left; margin-left: 10px; margin-right: 10px;\" width=\"354\" data-w=\"550\" data-h=\"367\" \/>Con una serie de interesantes presentaciones se llev\u00f3 a cabo la Jornada de Inducci\u00f3n a los acad\u00e9micos de reciente ingreso de la Universidad de Tarapac\u00e1, actividad cuyo prop\u00f3sito principal fue inducir a los acad\u00e9micos presentes en el Modelo Educativo Institucional y de entregar importante informaci\u00f3n para un mejor desempe\u00f1o de sus funciones acad\u00e9micas en la instituci\u00f3n.<\/p>\n<p style=\"text-align: justify;\">La actividad estuvo encabezada por el Director de Docencia Dr. Carlos Leiva Sajuria, quien entreg\u00f3 las palabras de bienvenida a los presentes, se\u00f1alando en sus palabras la relevancia de su asistencia a la actividad, lo que demuestra el inter\u00e9s por un mejor desarrollo de sus actividades docentes. Luego la coordinadora del \u00c1rea de Gesti\u00f3n y Desarrollo Curricular de la DIDO Galia Meneses Riquelme, comenz\u00f3 con la introducci\u00f3n al MEI, sus componentes e implicancias, para proseguir con un peque\u00f1o taller de reflexi\u00f3n, que se centr\u00f3 en qu\u00e9 es un modelo educativo centrado en el estudiante, llevado a cabo por las asesoras curriculares Sonia C\u00e1rdenas y Ang\u00e9lica Pizarro.<\/p>\n<p><img alt=\"Imagen foto_00000004\" border=\"0\" class=\"fotodrag\" id=\"foto_00000004\" src=\"\/web\/site\/artic\/20190418\/imag\/foto_0000000420190418125655.jpg\" style=\"display: block; margin-left: auto; margin-right: auto;\" data-w=\"720\" data-h=\"242\" \/><\/p>\n<p style=\"text-align: justify;\">La jornada continu\u00f3 y se dio a conocer la importancia del Syllabus, los resultados de aprendizaje y metodolog\u00edas activas, momento a cargo de la asesora curricular Jasna Jim\u00e9nez. Luego se dio paso a la entrega de resultados del perfil del estudiante y de los diagn\u00f3sticos realizados, exponiendo sobre este tema Eduardo Bravo, profesional del \u00c1rea de Apoyo el Estudiante. Seguidamente intervinieron Marlene Cisternas, qui\u00e9n remarc\u00f3 sobre los aspectos relevantes del reglamento de docencia y responsabilidades de un acad\u00e9mico, mientras que Ra\u00fal Bustos, coordinador de Desarrollo Acad\u00e9mico, entreg\u00f3 informaci\u00f3n sobre las posibilidades de perfeccionamiento, entre otros t\u00f3picos inherentes a la labor docente, para finalizar con la presentaci\u00f3n de Mario Due\u00f1as, coordinador del \u00c1rea de Recursos Pedag\u00f3gicos y TIC, qui\u00e9n brindo informaci\u00f3n importante referente al acceso a plataforma e-learn y al curso e-learning sobre el Modelo Educativo Institucional.<\/p>\n<p style=\"text-align: justify;\">Al finalizar la actividad, positivo fue el balance de los organizadores, puesto que se coincidi\u00f3 en que hubo mucha participaci\u00f3n por parte de los docentes y se pudo evidenciar que realmente est\u00e1n interesados en desarrollar procesos formativos de calidad en la Instituci\u00f3n.<\/p>\n<p><img alt=\"Imagen foto_00000003\" border=\"0\" class=\"fotodrag\" id=\"foto_00000003\" src=\"\/web\/site\/artic\/20190418\/imag\/foto_0000000320190418125655.jpg\" style=\"display: block; margin-left: auto; margin-right: auto;\" data-w=\"720\" data-h=\"242\" \/><\/p>\n<p style=\"text-align: justify;\">El Director de Docencia Carlos Leiva Sajuria, se refiri\u00f3 a la jornada, &#8220;Muchos somos profesionales que hacemos clases, pero no es solo eso lo que tenemos que hacer, porque hay que mejorar nuestra labor, debemos tener los conocimientos, las herramientas y en ese sentido la Direcci\u00f3n de Docencia planifica y realiza una serie de talleres y cursos de perfeccionamiento de modo de apoyar a los acad\u00e9micos en esta tarea, adem\u00e1s las puertas de la unidad que dirijo siempre estar\u00e1n abiertas para que los profesores se acerquen cuando necesiten ayuda&#8221;, explic\u00f3.<\/p>\n<p style=\"text-align: justify;\">Por su parte, Guillermo Sasso, perteneciente a la carrera de kinesiolog\u00eda y rehabilitaci\u00f3n, manifest\u00f3 sus agradecimientos por la invitaci\u00f3n a la jornada. &#8220;Me parece que es muy positiva la implementaci\u00f3n de este tipo de inducciones para aquellos que estamos comenzando en el mundo de la docencia, porque es de mucha utilidad y orientaci\u00f3n sobre lo que tenemos que ir desarrollando como acad\u00e9micos&#8221;, sostuvo.<\/p>\n<p><img alt=\"Imagen foto_00000002\" border=\"0\" class=\"fotodrag\" id=\"foto_00000002\" src=\"\/web\/site\/artic\/20190418\/imag\/foto_0000000220190418125655.jpg\" style=\"display: block; margin-left: auto; margin-right: auto;\" data-w=\"720\" data-h=\"242\" \/><\/p>\n","protected":false},"excerpt":{"rendered":"<p>Provechosa jornada informativa estuvo marcada por la activa participaci\u00f3n e intervenciones de los asistentes<\/p>\n","protected":false},"author":3,"featured_media":11937,"comment_status":"open","ping_status":"open","sticky":false,"template":"","format":"standard","meta":[],"categories":[],"tags":[],"_links":{"self":[{"href":"https:\/\/www.uta.cl\/index.php\/wp-json\/wp\/v2\/posts\/11936"}],"collection":[{"href":"https:\/\/www.uta.cl\/index.php\/wp-json\/wp\/v2\/posts"}],"about":[{"href":"https:\/\/www.uta.cl\/index.php\/wp-json\/wp\/v2\/types\/post"}],"author":[{"embeddable":true,"href":"https:\/\/www.uta.cl\/index.php\/wp-json\/wp\/v2\/users\/3"}],"replies":[{"embeddable":true,"href":"https:\/\/www.uta.cl\/index.php\/wp-json\/wp\/v2\/comments?post=11936"}],"version-history":[{"count":0,"href":"https:\/\/www.uta.cl\/index.php\/wp-json\/wp\/v2\/posts\/11936\/revisions"}],"wp:featuredmedia":[{"embeddable":true,"href":"https:\/\/www.uta.cl\/index.php\/wp-json\/wp\/v2\/media\/11937"}],"wp:attachment":[{"href":"https:\/\/www.uta.cl\/index.php\/wp-json\/wp\/v2\/media?parent=11936"}],"wp:term":[{"taxonomy":"category","embeddable":true,"href":"https:\/\/www.uta.cl\/index.php\/wp-json\/wp\/v2\/categories?post=11936"},{"taxonomy":"post_tag","embeddable":true,"href":"https:\/\/www.uta.cl\/index.php\/wp-json\/wp\/v2\/tags?post=11936"}],"curies":[{"name":"wp","href":"https:\/\/api.w.org\/{rel}","templated":true}]}}