{"id":11932,"date":"2019-04-18T17:33:39","date_gmt":"2019-04-18T17:33:39","guid":{"rendered":"https:\/\/www.uta.cl\/s\/Pk_"},"modified":"2019-04-18T17:33:39","modified_gmt":"2019-04-18T17:33:39","slug":"las-distintas-escenas-en-la-vida-del-documentalista-del-universo","status":"publish","type":"post","link":"https:\/\/www.uta.cl\/index.php\/2019\/04\/18\/las-distintas-escenas-en-la-vida-del-documentalista-del-universo\/","title":{"rendered":"Las distintas escenas en la vida del documentalista del universo"},"content":{"rendered":"\n<p style=\"text-align: justify;\"><img loading=\"lazy\" alt=\"Imagen foto_00000001\" class=\"fotodrag\" height=\"173\" id=\"foto_00000001\" src=\"\/web\/site\/artic\/20190418\/imag\/foto_0000000120190418173339.jpg\" style=\"float: left; margin-left: 10px; margin-right: 10px;\" width=\"308\" data-w=\"550\" data-h=\"309\" \/>Hay varias fechas emblem\u00e1ticas en la vida de Diego Err\u00e1zuriz, ingeniero comercial y director del documental &#8220;The Big Picture&#8221;, donde el universo es el personaje principal, base de su historia, que evidencia las inquietudes de un ni\u00f1o que se hac\u00eda preguntas y tuvo el privilegio de responderlas a trav\u00e9s de la voz de grandes cient\u00edficos cuando era adulto.<\/p>\n<p style=\"text-align: justify;\">Desde los ocho a\u00f1os la m\u00fasica empez\u00f3 a ocupar gran parte de su vida, logrando ser pianista y compositor con un estilo improvisado, gracias al cual cautiv\u00f3 a su entorno m\u00e1s cercano y luego a p\u00fablicos externos y m\u00e1s masivos.<\/p>\n<p style=\"text-align: justify;\">Cuando ten\u00eda 14 a\u00f1os le regalaron un telescopio con el que descubri\u00f3 Saturno, desde ese momento empez\u00f3 a leer y a ver documentales sobre astronom\u00eda; una d\u00e9cada despu\u00e9s dio inicio a la pieza audiovisual, en la que plasm\u00f3 todo lo aprendido sobre el universo, el cual lleva aparejada la idea que las personas sean mejores, \u00bfc\u00f3mo?, dimensionando su verdadera ubicaci\u00f3n en el cosmos.<\/p>\n<p style=\"text-align: justify;\">Diego es fundador de Iugen Films, el cual se define como una plataforma de medios para la difusi\u00f3n de la ciencia, cuya misi\u00f3n es transmitir grandes ideas de manera creativa e inspiradora.<\/p>\n<p style=\"text-align: justify;\">En Arica present\u00f3 su trabajo donde narra en primera persona la historia de un viaje en busca de la historia del Universo, en el que se encuentra con la sabidur\u00eda de algunos de los cosm\u00f3logos m\u00e1s importantes del mundo, entre ellos dos premios Nobel de F\u00edsica.<\/p>\n<p style=\"text-align: justify;\">El documental lo financi\u00f3 con sus ahorros. Hubo varios a\u00f1os de trabajo personal, para dar curso al rodaje y co-producci\u00f3n. Se exhibi\u00f3 el a\u00f1o pasado oficialmente en Chile, tambi\u00e9n hubo un estreno en el Zeiss Major Planetarium en Berl\u00edn, uno de los planetarios m\u00e1s grandes de Europa, donde cont\u00f3 con el patrocinio de la Embajada Chilena en Berl\u00edn. En paralelo lo env\u00edo a muchos festivales, recibiendo el primer premio en Calcuta, India.<\/p>\n<p style=\"text-align: justify;\">Gracias a la invitaci\u00f3n del Proyecto Asociativo Regional Explora de CONICYT, ejecutado por la Universidad de Tarapac\u00e1, comparti\u00f3 con prol\u00edficos auditorios de estudiantes en el Cine Col\u00f3n, Colegio North American College y Aula Magna de la UTA.<\/p>\n<p style=\"text-align: justify;\">\u00bfCu\u00e1l es la g\u00e9nesis de este trabajo documental?<\/p>\n<p style=\"text-align: justify;\">-Soy ingeniero comercial, pero me dediqu\u00e9 profesionalmente seis a\u00f1os a la m\u00fasica, grab\u00e9 ocho discos propios, viaj\u00e9, toqu\u00e9 en diversos escenarios en Santiago y otras ciudades del pa\u00eds.<\/p>\n<p style=\"text-align: justify;\">En el tema del cine soy autodidacta, cuando empec\u00e9 el documental fue el a\u00f1o 2010, me fui a Nueva York a hacer un curso de cine, donde en un par de semanas se desencadenaron una serie de eventos que me llevaron a trabajar de una vez en \u00e9l e ir aprendiendo en el camino. Me demor\u00e9 ocho a\u00f1os en terminarlo y fue necesario armar un equipo con una guionista y una montajista.<\/p>\n<p style=\"text-align: justify;\">El ser m\u00fasico y documentalista juega a favor del equilibrio con su carrera de ingeniero?<\/p>\n<p style=\"text-align: justify;\">-En el fondo, mis pasiones son la m\u00fasica y tambi\u00e9n el g\u00e9nero documental, que me llena el alma y me hace sentir realizado y es algo que va a ser parte de mi vida para siempre. La ingenier\u00eda comercial y el trabajo de ahora en un banco es lo que me permite otras cosas.<\/p>\n<p style=\"text-align: justify;\">Llevaba seis a\u00f1os dedicado a la m\u00fasica y al documental, y claro es entretenido, pero ves que te falta m\u00e1s rutina y m\u00e1s desaf\u00edos y eso en mi caso me lo entrega una pega.<\/p>\n<p style=\"text-align: justify;\">Entrar a ser parte de una oficina, en un mundo laboral regido por la competencia no le complica?<\/p>\n<p style=\"text-align: justify;\">-Creo que tambi\u00e9n es un error pensar que en la m\u00fasica y en este negocio no existen cosas as\u00ed y es un error pensar que en el mundo laboral esto sea tan categ\u00f3rico. Todo lo que uno hace depende claramente de con quien uno trabaja, cu\u00e1l es tu motivaci\u00f3n y el esp\u00edritu que le pones a lo que realizas. La vida est\u00e1 llena desaf\u00edos y eso implica desenvolverte en ambientes m\u00e1s decisivos y que tengan otras exigencias.<\/p>\n<p style=\"text-align: justify;\">Adem\u00e1s del trabajo como ingeniero en un banco, existe la posibilidad de otro documental?<\/p>\n<p style=\"text-align: justify;\">-Hubo un momento en que me iba a lanzar a hacer otro documental de inmediato, respondiendo a la pregunta si estamos solos en el universo o no y si hay vida en otros planetas. Siempre relacionado con el universo, es mi tema, pero ahora me voy a concentrar en la pega y eso eventualmente podr\u00eda ocurrir despu\u00e9s.<\/p>\n<p style=\"text-align: justify;\">La familia de Diego siempre lo ha apoyado y consideran incre\u00edble este proyecto, aunque durante los ocho a\u00f1os de ejecuci\u00f3n le preguntaban &#8220;\u00bfcu\u00e1ndo lo vas a terminar?&#8221;, en alg\u00fan momento creyeron que era el cuento del lobo. Ahora est\u00e1n felices y les encant\u00f3 el resultado.<\/p>\n<p style=\"text-align: justify;\">Estar en Arica fue una experiencia \u00fanica. Los aplausos espont\u00e1neos y los j\u00f3venes que se acercaron a hacer preguntas y a tomarse fotos emocionaron al autor de este documental cient\u00edfico, en que las preguntas del inquieto narrador en primera persona singular y a veces plural, represent\u00f3 las dudas de muchos que piensan en ese gran universo indescriptible y m\u00e1gico.<\/p>\n","protected":false},"excerpt":{"rendered":"<p>Diego Err\u00e1zuriz<\/p>\n","protected":false},"author":3,"featured_media":11933,"comment_status":"open","ping_status":"open","sticky":false,"template":"","format":"standard","meta":[],"categories":[],"tags":[],"_links":{"self":[{"href":"https:\/\/www.uta.cl\/index.php\/wp-json\/wp\/v2\/posts\/11932"}],"collection":[{"href":"https:\/\/www.uta.cl\/index.php\/wp-json\/wp\/v2\/posts"}],"about":[{"href":"https:\/\/www.uta.cl\/index.php\/wp-json\/wp\/v2\/types\/post"}],"author":[{"embeddable":true,"href":"https:\/\/www.uta.cl\/index.php\/wp-json\/wp\/v2\/users\/3"}],"replies":[{"embeddable":true,"href":"https:\/\/www.uta.cl\/index.php\/wp-json\/wp\/v2\/comments?post=11932"}],"version-history":[{"count":0,"href":"https:\/\/www.uta.cl\/index.php\/wp-json\/wp\/v2\/posts\/11932\/revisions"}],"wp:featuredmedia":[{"embeddable":true,"href":"https:\/\/www.uta.cl\/index.php\/wp-json\/wp\/v2\/media\/11933"}],"wp:attachment":[{"href":"https:\/\/www.uta.cl\/index.php\/wp-json\/wp\/v2\/media?parent=11932"}],"wp:term":[{"taxonomy":"category","embeddable":true,"href":"https:\/\/www.uta.cl\/index.php\/wp-json\/wp\/v2\/categories?post=11932"},{"taxonomy":"post_tag","embeddable":true,"href":"https:\/\/www.uta.cl\/index.php\/wp-json\/wp\/v2\/tags?post=11932"}],"curies":[{"name":"wp","href":"https:\/\/api.w.org\/{rel}","templated":true}]}}