{"id":11928,"date":"2019-04-22T18:28:06","date_gmt":"2019-04-22T18:28:06","guid":{"rendered":"https:\/\/www.uta.cl\/s\/RY_"},"modified":"2019-04-22T18:28:06","modified_gmt":"2019-04-22T18:28:06","slug":"presidentes-de-las-tres-listas-postulantes-a-la-federacion-de","status":"publish","type":"post","link":"https:\/\/www.uta.cl\/index.php\/2019\/04\/22\/presidentes-de-las-tres-listas-postulantes-a-la-federacion-de\/","title":{"rendered":"Presidentes de las tres listas postulantes a la Federaci\u00f3n de  Estudiantes FEUT, presentan propuestas en debate convocado por el TRICEL"},"content":{"rendered":"\n<p style=\"text-align: justify;\"><img loading=\"lazy\" alt=\"Imagen foto_00000004\" class=\"fotodrag\" height=\"217\" id=\"foto_00000004\" src=\"\/web\/site\/artic\/20190422\/imag\/foto_0000000420190422182806.jpg\" style=\"float: right; margin-left: 10px; margin-right: 10px;\" width=\"357\" data-w=\"550\" data-h=\"335\" \/>El pasado mi\u00e9rcoles 17 de abril, se dieron cita en el Hall Central del Campus Saucache, m\u00e1s de un centenar de estudiantes para presenciar el debate de los presidentes de las tres listas postulantes a la Federaci\u00f3n de Estudiantes FEUT 2019, quienes presentaron sus propuestas en el debate convocado por el TRICEL con el apoyo de la Direcci\u00f3n de Asuntos Estudiantiles (DAE).<\/p>\n<p style=\"text-align: justify;\">La jornada permiti\u00f3 adem\u00e1s que los candidatos respondieran tres preguntas que el TRICEL hab\u00eda elaborado, para luego dar paso a las preguntas del p\u00fablico asistente, finalizando el debate con las intervenciones de cada uno de los postulantes destacando que desde la organizaci\u00f3n hasta el desarrollo de este ejercicio, el respeto fue uno de los valores siempre presente.<\/p>\n<p style=\"text-align: justify;\">Los Presidentes con sus respectivas listas son los siguientes:<\/p>\n<p><strong>LISTA A &#8220;SEAMOS FEUT&#8221;:<\/strong><br \/>Paloma Camila Tapia &#8211; Presidenta &#8211; Trabajo Social<br \/>Nicolas Rojas Henr\u00edquez &#8211; Vicepresidente &#8211; TM. Laboratorio<br \/>Catalina Viveros Andrade &#8211; Secretario General &#8211; Derecho<br \/>Edison Alcayaga Castillo &#8211; Secretario Comunicaciones &#8211; Ped. Ed. B\u00e1sica<br \/>Rodrigo Sarapura Ch\u00e1vez &#8211; Secreatrio Ejecutivo &#8211; Ing. Quimica Ambiental<br \/>Bastian Tapia Sanchez &#8211; Apoderado &#8211; Antropolog\u00eda<\/p>\n<p><strong>LISTA V &#8220;UNA LISTA CON VISI\u00d3N #USA TU VOZ&#8221;:<\/strong><br \/>Bastian Acu\u00f1a Bruna &#8211; Presidente &#8211; Ing. Civil Industrial<br \/>Geraldy Sep\u00falveda P\u00e1ez &#8211; Vicepresidenta &#8211; Psicolog\u00eda<br \/>Juan Santiba\u00f1ez Palma- Secretario general &#8211; Psicolog\u00eda<br \/>Anais Campusano Soza &#8211; Secretario Comunicaciones  &#8211; Enfermer\u00eda<br \/>Antonio Quezada Ortega &#8211; Secretario Ejecutivo &#8211; Agronom\u00eda<br \/>Aylen Rojas Barretas &#8211; Apoderado &#8211; Ped. en Biolog\u00eda y C. Naturales<\/p>\n<p><strong>LISTA C &#8220;AHORA ES CUANDO&#8221;:<\/strong><br \/>Narcisa Calderon orme\u00f1o &#8211; Presidenta &#8211; Ped. en Ingl\u00e9s<br \/>Mat\u00edas Vivanco Salas &#8211; Vicepresidente &#8211; Ped. en Historia y Geograf\u00eda<br \/>Daniela Ordenes Zurita &#8211; Secretario General &#8211; Ped. Ed. B\u00e1sica<br \/>Gustavo Mamani Mamani &#8211; Secretario Comunicaciones &#8211; Ped. en Castellano<br \/>y Comunicaciones<br \/>Fernanda Morales Aracena &#8211; Secretario Ejecutivo &#8211; Antropolog\u00eda<br \/>Camilo Jofre Ca\u00f1ipa &#8211; Apoderado &#8211; Ped. en Matem\u00e1ticas y Computaci\u00f3n<\/p>\n<p>Se invita a los estudiantes de la Universidad de Tarapac\u00e1 a participar de este proceso y para ejercer su derecho a voto. Las votaciones se realizar\u00e1n los d\u00edas 23, 24 y 25 de abril.<\/p>\n<table border=\"0\" style=\"border-spacing: 10px;\">\n<tbody>\n<tr>\n<td><img alt=\"Imagen foto_00000003\" border=\"0\" class=\"fotodrag\" id=\"foto_00000003\" src=\"\/web\/site\/artic\/20190422\/imag\/foto_0000000320190422182806.jpg\" data-w=\"360\" data-h=\"240\" \/><\/td>\n<td><img alt=\"Imagen foto_00000001\" border=\"0\" class=\"fotodrag\" id=\"foto_00000001\" src=\"\/web\/site\/artic\/20190422\/imag\/foto_0000000120190422182806.jpg\" data-w=\"360\" data-h=\"240\" \/><\/td>\n<\/tr>\n<\/tbody>\n<\/table>\n\n\n\n<figure class=\"wp-block-embed-youtube wp-block-embed is-type-video is-provider-youtube wp-embed-aspect-16-9 wp-has-aspect-ratio\"><div class=\"wp-block-embed__wrapper\">\n<p class=\"responsive-video-wrap clr\"><iframe loading=\"lazy\" width=\"1200\" height=\"675\" src=\"https:\/\/www.youtube.com\/embed\/LHVSiIPFGcE?feature=oembed\" frameborder=\"0\" allow=\"accelerometer; autoplay; encrypted-media; gyroscope; picture-in-picture\" allowfullscreen><\/iframe><\/p>\n<\/div><\/figure>\n","protected":false},"excerpt":{"rendered":"<p>Con el apoyo de la Direcci\u00f3n de Asuntos Estudiantiles (DAE)<\/p>\n","protected":false},"author":3,"featured_media":11929,"comment_status":"open","ping_status":"open","sticky":false,"template":"","format":"standard","meta":[],"categories":[],"tags":[],"_links":{"self":[{"href":"https:\/\/www.uta.cl\/index.php\/wp-json\/wp\/v2\/posts\/11928"}],"collection":[{"href":"https:\/\/www.uta.cl\/index.php\/wp-json\/wp\/v2\/posts"}],"about":[{"href":"https:\/\/www.uta.cl\/index.php\/wp-json\/wp\/v2\/types\/post"}],"author":[{"embeddable":true,"href":"https:\/\/www.uta.cl\/index.php\/wp-json\/wp\/v2\/users\/3"}],"replies":[{"embeddable":true,"href":"https:\/\/www.uta.cl\/index.php\/wp-json\/wp\/v2\/comments?post=11928"}],"version-history":[{"count":0,"href":"https:\/\/www.uta.cl\/index.php\/wp-json\/wp\/v2\/posts\/11928\/revisions"}],"wp:featuredmedia":[{"embeddable":true,"href":"https:\/\/www.uta.cl\/index.php\/wp-json\/wp\/v2\/media\/11929"}],"wp:attachment":[{"href":"https:\/\/www.uta.cl\/index.php\/wp-json\/wp\/v2\/media?parent=11928"}],"wp:term":[{"taxonomy":"category","embeddable":true,"href":"https:\/\/www.uta.cl\/index.php\/wp-json\/wp\/v2\/categories?post=11928"},{"taxonomy":"post_tag","embeddable":true,"href":"https:\/\/www.uta.cl\/index.php\/wp-json\/wp\/v2\/tags?post=11928"}],"curies":[{"name":"wp","href":"https:\/\/api.w.org\/{rel}","templated":true}]}}