{"id":11922,"date":"2019-04-23T11:11:57","date_gmt":"2019-04-23T11:11:57","guid":{"rendered":"https:\/\/www.uta.cl\/s\/VG_"},"modified":"2019-04-23T11:11:57","modified_gmt":"2019-04-23T11:11:57","slug":"club-deportivo-uta-reconocio-a-los-mejores-deportistas-2018","status":"publish","type":"post","link":"https:\/\/www.uta.cl\/index.php\/2019\/04\/23\/club-deportivo-uta-reconocio-a-los-mejores-deportistas-2018\/","title":{"rendered":"Club Deportivo UTA reconoci\u00f3 a los mejores deportistas 2018"},"content":{"rendered":"\n<p style=\"text-align: justify;\"><img alt=\"Imagen foto_00000003\" class=\"fotodrag\" id=\"foto_00000003\" src=\"\/web\/site\/artic\/20190423\/imag\/foto_0000000320190423111157.jpg\" style=\"margin-left: 10px; margin-right: 10px; float: left;\" data-w=\"360\" data-h=\"240\" \/>Con la presencia de autoridades universitarias, acad\u00e9micos, deportistas, estudiantes y familiares, el jueves 28 de marzo se realiz\u00f3 la Ceremonia de Reconocimiento a los Deportistas m\u00e1s destacados del a\u00f1o 2018.<\/p>\n<p style=\"text-align: justify;\"><img alt=\"Imagen foto_00000007\" class=\"fotodrag\" id=\"foto_00000007\" src=\"\/web\/site\/artic\/20190423\/imag\/foto_0000000720190423111157.jpg\" style=\"margin-left: 10px; margin-right: 10px; float: right;\" data-w=\"360\" data-h=\"240\" \/>Para el Director de Extensi\u00f3n y Vinculaci\u00f3n con el Medio, Sergio Medina Parra, quien felicit\u00f3 a los deportistas distinguidos, se\u00f1al\u00f3 que, &#8220;la Universidad de Tarapac\u00e1 es un espacio que desarrolla la inteligencia cognitiva, la cual es parte del desarrollo integral del ser humano, por tanto lo que ustedes hacen a trav\u00e9s del deporte y que patrocina el Club Deportiva Universidad de Tarapac\u00e1 es el equilibrio perfecto. Esta ceremonia es un justo reconocimiento a cada uno de ustedes y a sus familias por el esfuerzo demostrado en cada una de las diferentes disciplinas deportivas formativas y competitivas que ofrece nuestra Casa de Estudios Superiores&#8221;.<\/p>\n<p style=\"text-align: justify;\">En esta oportunidad, los reconocimientos a los exponentes de las distintas disciplinas fueron:<br \/>\u2022 VICENTE ORELLANA DA SILVA<br \/>Escuela de Judo. Reci\u00e9n ascendido a cintur\u00f3n amarillo.<\/p>\n<p style=\"text-align: justify;\">\u2022 DAVID DELGADO VILLAGRA<br \/>Escuela F\u00fatbol. Capit\u00e1n en los encuentros amistosos.<\/p>\n<p style=\"text-align: justify;\">\u2022 VICENTE RU\u00cdZ G\u00d3MEZ<br \/>Destacado en los encuentros amistosos en Tacna.<\/p>\n<p style=\"text-align: justify;\">\u2022 SOULAN RECABARREN ESCOBAR<br \/>Escuela de Karate. Obtuvo la segunda mejor calificaci\u00f3n en el examen de grado.<\/p>\n<p style=\"text-align: justify;\">\u2022 ERIKA CASTILLO COLLAO. Disciplina Atletismo M\u00e1ster. Socia de la rama Atletismo Masters UTA 25 a\u00f1os categor\u00eda 65 a\u00f1os. Lanzadora de Jabalina<br \/>Campeona Nacional de disco 800 mts &#8211; 1500 mts en Per\u00fa y Campeona Nacional 800 &#8211; 1500 planos.<\/p>\n<p style=\"text-align: justify;\">\u2022 VICTOR NIEVAS CASTRO<br \/>Disciplina Atletismo M\u00e1ster. Socio de la rama atletismo Masters UTA 08 a\u00f1os categor\u00eda 55 a\u00f1os. Lanzador de Jabalina, lanzador de Disco, corredor 1500 planos y corredor de 5000 planos.<\/p>\n<p style=\"text-align: justify;\">\u2022 PRISCILA ARAYA ROJAS<br \/>Estudiante de la carrera Educaci\u00f3n F\u00edsica, disciplina Atletismo. Campeona nacional universitaria en 3000 con obst\u00e1culo, vice campeona nacional 1500 planos y tercer lugar nacional en 5000 planos<\/p>\n<p style=\"text-align: justify;\">\u2022 LIDIA ESPINOZA GALLARDO<br \/>Estudiante de la carrera de Educaci\u00f3n F\u00edsica, disciplina Baloncesto. Capitana de la Selecci\u00f3n de Baloncesto UTA quienes participaron en el clasificatorio Ligas Deportivas de Educaci\u00f3n Superior (LDES).<\/p>\n<p style=\"text-align: justify;\">\u2022 JOAQU\u00cdN VERDUGO GODOY<br \/>Estudiante de la carrera de Derecho, disciplina Baloncesto. Capit\u00e1n de la Selecci\u00f3n de Baloncesto UTA, quienes participaron en el clasificatorio regional de Ligas Deportivas de Educaci\u00f3n Superior (LDES) y en el clasificatorio Zonal de Ligas Deportivas de Educaci\u00f3n Superior (LDES).<\/p>\n<p style=\"text-align: justify;\">\u2022 JUAN SANHUEZA CASTRO<br \/>Estudiante de la Carrera de Educaci\u00f3n F\u00edsica, disciplina F\u00fatbol. Futbolista poli funcional.<\/p>\n<p style=\"text-align: justify;\">\u2022 EYLEEN RIVEROS CARTAGENA<br \/>Estudiante de la carrera de Contador Auditor, disciplina Judo. Seleccionada de Judo UTA, seleccionada Regional Arica. Obtuvo el segundo lugar Nacional universitario de Judo.<\/p>\n<p style=\"text-align: justify;\">\u2022 ISMAEL FLORES ALBORNOZ<br \/>Estudiante de la Carrera de Educaci\u00f3n F\u00edsica, seleccionado de Judo UTA y seleccionado Regional Arica. Obtuvo el tercer lugar Nacional universitario de Judo<\/p>\n<p style=\"text-align: justify;\">\u2022 YALILA PINO BUNEDER<br \/>Estudiante de la Carrera de Ingenier\u00eda Comercial, capitana de la Selecci\u00f3n de Voleibol UTA. Remachadora de punta de la selecci\u00f3n<\/p>\n<p><img alt=\"Imagen foto_00000005\" class=\"fotodrag\" id=\"foto_00000005\" src=\"\/web\/site\/artic\/20190423\/imag\/foto_0000000520190423111157.jpg\" style=\"float: right; margin-left: 10px; margin-right: 10px;\" data-w=\"360\" data-h=\"240\" \/><\/p>\n\n\n\n<figure class=\"wp-block-image\"><a href=\"https:\/\/photos.app.goo.gl\/mayxGKsDwYxfiTk89\" target=\"_blank\"><img loading=\"lazy\" width=\"300\" height=\"60\" src=\"https:\/\/www.uta.cl\/wp-content\/uploads\/2019\/05\/ver_galeria.jpg\" alt=\"\" class=\"wp-image-8828\"\/><\/a><\/figure>\n","protected":false},"excerpt":{"rendered":"<p>Instancia permiti\u00f3 distinguir a los deportistas destacados del Club Deportivo U. de Tarapac\u00e1 que incluye deportes formativos y universitarios.<\/p>\n","protected":false},"author":3,"featured_media":11923,"comment_status":"open","ping_status":"open","sticky":false,"template":"","format":"standard","meta":[],"categories":[],"tags":[],"_links":{"self":[{"href":"https:\/\/www.uta.cl\/index.php\/wp-json\/wp\/v2\/posts\/11922"}],"collection":[{"href":"https:\/\/www.uta.cl\/index.php\/wp-json\/wp\/v2\/posts"}],"about":[{"href":"https:\/\/www.uta.cl\/index.php\/wp-json\/wp\/v2\/types\/post"}],"author":[{"embeddable":true,"href":"https:\/\/www.uta.cl\/index.php\/wp-json\/wp\/v2\/users\/3"}],"replies":[{"embeddable":true,"href":"https:\/\/www.uta.cl\/index.php\/wp-json\/wp\/v2\/comments?post=11922"}],"version-history":[{"count":0,"href":"https:\/\/www.uta.cl\/index.php\/wp-json\/wp\/v2\/posts\/11922\/revisions"}],"wp:featuredmedia":[{"embeddable":true,"href":"https:\/\/www.uta.cl\/index.php\/wp-json\/wp\/v2\/media\/11923"}],"wp:attachment":[{"href":"https:\/\/www.uta.cl\/index.php\/wp-json\/wp\/v2\/media?parent=11922"}],"wp:term":[{"taxonomy":"category","embeddable":true,"href":"https:\/\/www.uta.cl\/index.php\/wp-json\/wp\/v2\/categories?post=11922"},{"taxonomy":"post_tag","embeddable":true,"href":"https:\/\/www.uta.cl\/index.php\/wp-json\/wp\/v2\/tags?post=11922"}],"curies":[{"name":"wp","href":"https:\/\/api.w.org\/{rel}","templated":true}]}}