{"id":11920,"date":"2019-04-23T11:31:23","date_gmt":"2019-04-23T11:31:23","guid":{"rendered":"https:\/\/www.uta.cl\/s\/SR_"},"modified":"2019-04-23T11:31:23","modified_gmt":"2019-04-23T11:31:23","slug":"con-masiva-asistencia-se-realiza-seminario-sobre-la-infancia-derechos-y","status":"publish","type":"post","link":"https:\/\/www.uta.cl\/index.php\/2019\/04\/23\/con-masiva-asistencia-se-realiza-seminario-sobre-la-infancia-derechos-y\/","title":{"rendered":"Con masiva asistencia se realiza seminario sobre la infancia, derechos y g\u00e9nero"},"content":{"rendered":"\n<p style=\"text-align: justify;\"><img alt=\"Imagen foto_00000003\" class=\"fotodrag\" id=\"foto_00000003\" src=\"\/web\/site\/artic\/20190423\/imag\/foto_0000000320190423113123.jpg\" style=\"float: left; margin-left: 10px; margin-right: 10px;\" data-w=\"360\" data-h=\"240\" \/>&#8220;Investigaciones en infancia, derechos y g\u00e9nero en la actual configuraci\u00f3n del sistema de protecci\u00f3n&#8221;, fue el tema abordado en el seminario organizado por la Escuela de Derecho de la Universidad de Tarapac\u00e1 en el marco del proyecto de investigaci\u00f3n UTA Mayor 3721-2018.<\/p>\n<p style=\"text-align: justify;\">El encuentro realizado el mi\u00e9rcoles 17 de abril en la Sala de Eventos de la Facultad de Ciencias Sociales y Jur\u00eddicas (FACSOJUR), cont\u00f3 con la presencia de autoridades universitarias, del ministro de la Corte de Apelaciones de Arica, jueces del Tribunal de Familia, fiscales, abogados, acad\u00e9mico y estudiantes.<\/p>\n<p style=\"text-align: justify;\"><img alt=\"Imagen foto_00000006\" class=\"fotodrag\" id=\"foto_00000006\" src=\"\/web\/site\/artic\/20190423\/imag\/foto_0000000620190423113123.jpg\" style=\"margin-left: 10px; margin-right: 10px; float: right;\" data-w=\"360\" data-h=\"220\" \/>El seminario se inici\u00f3 con las palabras de bienvenida de la Vicerrectora de Desarrollo Estrat\u00e9gico, Dra. J\u00e9nniffer Peralta Montecinos, &#8220;esta actividad que est\u00e1 orientada a reflexionar conjuntamente sobre problem\u00e1ticas que son atingentes a todos. Nuestros ni\u00f1os, ni\u00f1as y adolescentes son nuestro futuro, adem\u00e1s de ser parte importante de la poblaci\u00f3n de esta regi\u00f3n particularmente en contexto de alta migraci\u00f3n. Que tengamos un conjunto de familias migrantes en la regi\u00f3n hace que sus derechos y sus posibilidades de la sana convivencia y con un desarrollo pleno de su calidad de vida hace que se vea dificultado operando circunstancias que hacen que nos encontremos con situaciones de alta vulnerabilidad&#8221;.<\/p>\n<p style=\"text-align: justify;\">En ese sentido, explic\u00f3 la Vicerrectora de Desarrollo Estrat\u00e9gico que, &#8220;nuestra ciudad y nuestra regi\u00f3n, tienen un alto porcentaje de migraci\u00f3n, y abordando y haci\u00e9ndonos cargo de las consecuencias sociales, culturales, laborales y familiares, desde esta Facultad de Ciencias Sociales y Jur\u00eddicas, tenemos que hacernos cargo, no solamente desde la investigaci\u00f3n y desde la formaci\u00f3n en la cual es fundamental, este es un espacio privilegiado para poder acoger estas tem\u00e1ticas y mirarla desde las distintas perspectivas, pero particularmente, a trav\u00e9s del Centro de Atenci\u00f3n Jur\u00eddica de esta Casa de Estudios Superiores y las coordinaciones que tenemos con las redes de infancia tanto locales como nacionales, nos hacemos cargo, incluyendo la investigaci\u00f3n en infancia, derecho y g\u00e9nero, que est\u00e1 presente no s\u00f3lo en este seminario sino que al mismo tiempo constituye una declaraci\u00f3n expl\u00edcita de nuestros valores y principios universitarios en todos los quehaceres institucionales&#8221;.<\/p>\n<p style=\"text-align: justify;\"><img alt=\"Imagen foto_00000008\" class=\"fotodrag\" id=\"foto_00000008\" src=\"\/web\/site\/artic\/20190423\/imag\/foto_0000000820190423113123.jpg\" style=\"margin-left: 10px; margin-right: 10px; float: left;\" data-w=\"360\" data-h=\"240\" \/>La jornada se inici\u00f3 con la presentaci\u00f3n del eje &#8220;G\u00e9nero y el ejercicio efectivo de los derechos de ni\u00f1os, ni\u00f1as y adolescentes en Chile&#8221;, en la cual expusieron el Dr. Isaac Ravetllat Ballest\u00e9 con el tema &#8220;Por un Chile libre de armarios: la identidad de g\u00e9nero de ni\u00f1as, ni\u00f1os y adolescentes&#8221; y la Dra. Claudia Moraga Contreras con su ponencia &#8220;El ejercicio del derecho a la interrupci\u00f3n voluntaria del embarazo por parte de ni\u00f1as en Chile&#8221;, siendo moderador el coordinador del programa Mi abogado, Sebasti\u00e1n Nilo Mac-Conell.<\/p>\n<p style=\"text-align: justify;\"><img alt=\"Imagen foto_00000013\" class=\"fotodrag\" id=\"foto_00000013\" src=\"\/web\/site\/artic\/20190423\/imag\/foto_0000001320190423113123.jpg\" style=\"margin-left: 10px; margin-right: 10px; float: right;\" data-w=\"360\" data-h=\"240\" \/>Posteriormente, se prosigui\u00f3 con el eje &#8220;Reflexiones en torno a la eficacia en Chile del principio del inter\u00e9s superior de ni\u00f1os, ni\u00f1as y adolescentes&#8221;, contando con las presentaciones, &#8220;Inter\u00e9s superior de NNA y el derecho a ser o\u00eddo, aplicabilidad y eficacia en los tribunales de justicia en Chile&#8221; a cargo de la Dra. Yasna Godoy Henr\u00edquez y con el tema &#8220;\u00bfInter\u00e9s superior del ni\u00f1o versus inter\u00e9s superior del padre o madre? Reflexiones a prop\u00f3sito del secuestro internacional de ni\u00f1os&#8221;, ponencia presentada por el Dr. Alexis Mondaca Miranda y cuya moderadora fue la abogada del Instituto Nacional de Derechos Humanos de Arica y Parinacota, Melisa Figueroa San Mart\u00edn.<\/p>\n<p style=\"text-align: justify;\"><strong>Positiva evaluaci\u00f3n<\/strong><\/p>\n<p style=\"text-align: justify;\">Al finalizar el encuentro, la acad\u00e9mica y jefa del Proyecto de Investigaci\u00f3n UTA Mayor 3721-2018, Dra. Claudia Moraga, agradeci\u00f3 la presencia de los presentes y de los invitados expositores: &#8220;ello significa que un nivel de compromiso con las tem\u00e1ticas y el deseo de avanzar en un nivel diferente y superior en temas que tradicionalmente han sido tratados desde una mirada de inferioridad desde el punto de vista de las diferentes ramas del derecho y de las \u00e1reas de estudio, pero con \u00e9sta instancias y otras m\u00e1s, podemos relevar en el futuro el rol que se merecen a trav\u00e9s de la capacitaci\u00f3n, el perfeccionamiento y, las habilidades y herramientas, que se requieren para trabajar con personas y que es lo que precisamente hemos querido transmitir en este seminario&#8221;.<\/p>\n<p style=\"text-align: justify;\"><strong>Expositores invitados:<\/strong><\/p>\n<p style=\"text-align: justify;\"><img alt=\"Imagen foto_00000015\" class=\"fotodrag\" id=\"foto_00000015\" src=\"\/web\/site\/artic\/20190423\/imag\/foto_0000001520190423113123.jpg\" style=\"margin-left: 10px; margin-right: 10px; float: left;\" data-w=\"360\" data-h=\"240\" \/>El seminario &#8220;Investigaciones en infancia, derechos y g\u00e9nero en la actual configuraci\u00f3n del sistema de protecci\u00f3n&#8221;, cont\u00f3 la participaci\u00f3n de destacados expositores pertenecientes a esta Casa de Estudios Superiores y de otros Instituciones de Educaci\u00f3n Superior como:<\/p>\n<p style=\"text-align: justify;\">Dr. Isaac Ravetllat Ballest\u00e9: Doctor en Derecho por la Universidad de Barcelona. Profesor Asociado de Derecho Civil de la Facultad de Ciencias Jur\u00eddicas y Sociales de la Universidad de Talca. Director del Centro de Estudios sobre los Derechos de la Infancia y la Adolescencia (CEDIA) de la Universidad de Talca. Secretario General de la Asociaci\u00f3n para la Defensa de los Derechos de la Infancia y la Adolescencia (ADDIA). Vocal del Observatorio de Infancia de la Generalitat de Catalu\u00f1a.<\/p>\n<p style=\"text-align: justify;\">Dra. Claudia Moraga Contreras: Doctora en Derecho por la Universidad del Pa\u00eds Vasco. Profesora Asociada de la Facultad de Ciencias Sociales y Jur\u00eddicas de la Universidad de Tarapac\u00e1. Investigadora asociada SERC-Chile, programa FONDAP de Conicyt. Directora de Equidad de G\u00e9nero de la Universidad de Tarapac\u00e1.<\/p>\n<p style=\"text-align: justify;\"><img alt=\"Imagen foto_00000011\" class=\"fotodrag\" id=\"foto_00000011\" src=\"\/web\/site\/artic\/20190423\/imag\/foto_0000001120190423113123.jpg\" style=\"margin-left: 10px; margin-right: 10px; float: right;\" data-w=\"360\" data-h=\"240\" \/>Dra. Yasna Godoy Henr\u00edquez: Magister en educaci\u00f3n superior, Master y Doctorado en la Universidad del Pa\u00eds Vasco. Representante de la Universidad de Tarapac\u00e1 ante la Red de Universidades Unidas por la Infancia. Actualmente Directora General de Sede Iquique de la Universidad de Tarapac\u00e1.<\/p>\n<p style=\"text-align: justify;\">Dr. Alexis Mondaca Miranda: Doctor en Derecho por la Pontificia Universidad Cat\u00f3lica de Valpara\u00edso. M\u00e1ster en Derecho por la Universidad de Valencia. Decano de la Facultad de Ciencias Jur\u00eddicas de la Universidad Cat\u00f3lica del Norte. Profesor Asociado de Derecho civil y miembro de la Academia Iberoamericana de Derecho de Familia y de Derecho de las Personas.<\/p>\n\n\n\n<figure class=\"wp-block-image\"><a href=\"https:\/\/photos.app.goo.gl\/5YB4TxE8UTFbx5Aq8\" target=\"_blank\"><img loading=\"lazy\" width=\"300\" height=\"60\" src=\"https:\/\/www.uta.cl\/wp-content\/uploads\/2019\/05\/ver_galeria.jpg\" alt=\"\" class=\"wp-image-8828\"\/><\/a><\/figure>\n","protected":false},"excerpt":{"rendered":"<p>Instancia tuvo como objetivo iniciar un camino colaborativo en t\u00e9rminos de generar l\u00edneas de trabajo que permitan crear instancias de perfeccionamiento y capacitaci\u00f3n en la cual se determinen l\u00edneas de trabajo en tem\u00e1ticas del derecho de la infancia, adolescencia y g\u00e9nero.  <\/p>\n","protected":false},"author":3,"featured_media":11921,"comment_status":"open","ping_status":"open","sticky":false,"template":"","format":"standard","meta":[],"categories":[],"tags":[],"_links":{"self":[{"href":"https:\/\/www.uta.cl\/index.php\/wp-json\/wp\/v2\/posts\/11920"}],"collection":[{"href":"https:\/\/www.uta.cl\/index.php\/wp-json\/wp\/v2\/posts"}],"about":[{"href":"https:\/\/www.uta.cl\/index.php\/wp-json\/wp\/v2\/types\/post"}],"author":[{"embeddable":true,"href":"https:\/\/www.uta.cl\/index.php\/wp-json\/wp\/v2\/users\/3"}],"replies":[{"embeddable":true,"href":"https:\/\/www.uta.cl\/index.php\/wp-json\/wp\/v2\/comments?post=11920"}],"version-history":[{"count":0,"href":"https:\/\/www.uta.cl\/index.php\/wp-json\/wp\/v2\/posts\/11920\/revisions"}],"wp:featuredmedia":[{"embeddable":true,"href":"https:\/\/www.uta.cl\/index.php\/wp-json\/wp\/v2\/media\/11921"}],"wp:attachment":[{"href":"https:\/\/www.uta.cl\/index.php\/wp-json\/wp\/v2\/media?parent=11920"}],"wp:term":[{"taxonomy":"category","embeddable":true,"href":"https:\/\/www.uta.cl\/index.php\/wp-json\/wp\/v2\/categories?post=11920"},{"taxonomy":"post_tag","embeddable":true,"href":"https:\/\/www.uta.cl\/index.php\/wp-json\/wp\/v2\/tags?post=11920"}],"curies":[{"name":"wp","href":"https:\/\/api.w.org\/{rel}","templated":true}]}}