{"id":11908,"date":"2019-04-29T10:59:35","date_gmt":"2019-04-29T10:59:35","guid":{"rendered":"https:\/\/www.uta.cl\/s\/0F_"},"modified":"2019-04-29T10:59:35","modified_gmt":"2019-04-29T10:59:35","slug":"torneo-delibera-cierra-inscripciones-en-arica","status":"publish","type":"post","link":"https:\/\/www.uta.cl\/index.php\/2019\/04\/29\/torneo-delibera-cierra-inscripciones-en-arica\/","title":{"rendered":"Torneo Delibera cierra inscripciones en Arica"},"content":{"rendered":"\n<p style=\"text-align: justify;\"><img alt=\"Imagen foto_00000003\" class=\"fotodrag\" id=\"foto_00000003\" src=\"\/web\/site\/artic\/20190429\/imag\/foto_0000000320190429105935.jpg\" style=\"margin-left: 10px; margin-right: 10px; float: left;\" data-w=\"360\" data-h=\"270\" \/>Hasta el martes 30 de abril se encuentran abiertas las inscripciones para participar de la 11\u00b0 versi\u00f3n del torneo Delibera, instancia interescolar de deliberaci\u00f3n y formaci\u00f3n c\u00edvica, organizada por la Biblioteca del Congreso Nacional (BCN) en conjunto con la Universidad de Tarapac\u00e1 para alumnos de entre s\u00e9ptimo b\u00e1sico y cuarto a\u00f1o de ense\u00f1anza media.<\/p>\n<p style=\"text-align: justify;\"><img alt=\"Imagen foto_00000005\" class=\"fotodrag\" id=\"foto_00000005\" src=\"\/web\/site\/artic\/20190429\/imag\/foto_0000000520190429105935.jpg\" style=\"margin-left: 10px; margin-right: 10px; float: right;\" data-w=\"360\" data-h=\"270\" \/>Al Colegio Arica College, se dieron cita el Senador Jos\u00e9 Miguel Durana quien estuvo acompa\u00f1ado de la Secretaria Regional Ministerial de Educaci\u00f3n, Lorena Ventura, del Director del Colegio Arica College Maycol Salamanca y del profesional de Admisi\u00f3n de la Universidad de Tarapac\u00e1 Iv\u00e1n Guzm\u00e1n Navarro, donde eran esperados por los alumnos representantes de todos los colegios de la ciudad, para invitarlos a participar de este importante torneo que busca que los estudiantes desarrollen competencias c\u00edvicas y ciudadanas mediante procesos de deliberaci\u00f3n en torno a problem\u00e1ticas de inter\u00e9s y la vinculaci\u00f3n con los parlamentarios y su labor legislativa.<\/p>\n<p style=\"text-align: justify;\">Los establecimientos educacionales interesados en participar deben conformar equipos de cuatro estudiantes de un mismo curso o distintos niveles, quienes deben contar con el apoyo de un profesor gu\u00eda, e inscribirse a trav\u00e9s de la plataforma del torneo (www.delibera.cl). Para ayudar y acompa\u00f1ar durante todo este proceso la Universidad de Tarapac\u00e1 ha dispuesto la participaci\u00f3n de la se\u00f1orita Vania Quezada quien es la Master Regional del Torneo (vania.francisca27@gmail.com).<\/p>\n<p style=\"text-align: justify;\">Una vez finalizado este proceso, los equipos deber\u00e1n desarrollar su proyecto de ley, elaborar un video explicativo, adem\u00e1s de conseguir el patrocinio de parlamentarios de acuerdo con el calendario establecido por la BCN para el desarrollo del Torneo.<\/p>\n<p style=\"text-align: justify;\"><img alt=\"Imagen foto_00000007\" class=\"fotodrag\" id=\"foto_00000007\" src=\"\/web\/site\/artic\/20190429\/imag\/foto_0000000720190429105935.jpg\" style=\"margin-left: 10px; margin-right: 10px; float: left;\" data-w=\"360\" data-h=\"270\" \/>Las iniciativas que finalicen las etapas mencionadas anteriormente, deber\u00e1n participar en un Torneo Regional que se realizar\u00e1 el d\u00eda 24 de agosto en las dependencias de la Universidad, y ser\u00e1n evaluadas por una Comisi\u00f3n Regional definida por la Universidad. Esta comisi\u00f3n tendr\u00e1 la responsabilidad de elegir al equipo representante de la regi\u00f3n quien nos representar\u00e1 en el Torneo Nacional que se realizar\u00e1 el d\u00eda 2 de octubre (fecha por confirmar) en el Congreso Nacional en Valpara\u00edso.<\/p>\n","protected":false},"excerpt":{"rendered":"<p>Torneo Regional se realizar\u00e1 el 24 de agosto en las dependencias de la Universidad de Tarapac\u00e1, y ser\u00e1n evaluadas por una Comisi\u00f3n Regional definida por esta Casa de Estudios Superiores.   <\/p>\n","protected":false},"author":3,"featured_media":11909,"comment_status":"open","ping_status":"open","sticky":false,"template":"","format":"standard","meta":[],"categories":[],"tags":[],"_links":{"self":[{"href":"https:\/\/www.uta.cl\/index.php\/wp-json\/wp\/v2\/posts\/11908"}],"collection":[{"href":"https:\/\/www.uta.cl\/index.php\/wp-json\/wp\/v2\/posts"}],"about":[{"href":"https:\/\/www.uta.cl\/index.php\/wp-json\/wp\/v2\/types\/post"}],"author":[{"embeddable":true,"href":"https:\/\/www.uta.cl\/index.php\/wp-json\/wp\/v2\/users\/3"}],"replies":[{"embeddable":true,"href":"https:\/\/www.uta.cl\/index.php\/wp-json\/wp\/v2\/comments?post=11908"}],"version-history":[{"count":0,"href":"https:\/\/www.uta.cl\/index.php\/wp-json\/wp\/v2\/posts\/11908\/revisions"}],"wp:featuredmedia":[{"embeddable":true,"href":"https:\/\/www.uta.cl\/index.php\/wp-json\/wp\/v2\/media\/11909"}],"wp:attachment":[{"href":"https:\/\/www.uta.cl\/index.php\/wp-json\/wp\/v2\/media?parent=11908"}],"wp:term":[{"taxonomy":"category","embeddable":true,"href":"https:\/\/www.uta.cl\/index.php\/wp-json\/wp\/v2\/categories?post=11908"},{"taxonomy":"post_tag","embeddable":true,"href":"https:\/\/www.uta.cl\/index.php\/wp-json\/wp\/v2\/tags?post=11908"}],"curies":[{"name":"wp","href":"https:\/\/api.w.org\/{rel}","templated":true}]}}