{"id":11906,"date":"2019-04-29T17:36:06","date_gmt":"2019-04-29T17:36:06","guid":{"rendered":"https:\/\/www.uta.cl\/s\/Za_"},"modified":"2019-04-29T17:36:06","modified_gmt":"2019-04-29T17:36:06","slug":"programa-magister-en-ciencias-sociales-aplicadas-ha-estado-desarrollando","status":"publish","type":"post","link":"https:\/\/www.uta.cl\/index.php\/2019\/04\/29\/programa-magister-en-ciencias-sociales-aplicadas-ha-estado-desarrollando\/","title":{"rendered":"Programa Magister en Ciencias Sociales Aplicadas ha estado desarrollando la actividad de ex\u00e1menes de grado"},"content":{"rendered":"\n<p style=\"text-align: justify;\"><img loading=\"lazy\" alt=\"Imagen foto_00000002\" class=\"fotodrag\" height=\"231\" id=\"foto_00000002\" src=\"\/web\/site\/artic\/20190429\/imag\/foto_0000000220190429173606.jpg\" style=\"float: left; margin-left: 10px; margin-right: 10px;\" width=\"359\" data-w=\"550\" data-h=\"354\" \/>Se informa a la comunidad universitaria que el Programa Magister en Ciencias Sociales Aplicadas ha estado desarrollando la actividad de ex\u00e1menes de grado. Este a\u00f1o se ha iniciado con la presentaci\u00f3n de trabajos de investigaci\u00f3n. Carolina Opazo Saavedra: Educaci\u00f3n intercultural: incidencia el factor \u00e9tnico en las habilidades de compresi\u00f3n de lectura en grupos de escolares en la Regi\u00f3n de Arica y Parinacota, bajo la direcci\u00f3n del profesor Dr. Alex Espinoza Verdejo. Karla Pe\u00f1a Sav\u00e9 : Victimizaci\u00f3n y polivictimizaci\u00f3n de ni\u00f1os, ni\u00f1as y adolescentes usuarios de un proyecto de intervenci\u00f3n breve dependiente de Sename, bajo la direcci\u00f3n del profesor Dr. Cristian Pinto Cort\u00e9s. Christian Orellana Obreque : Percepci\u00f3n y representaci\u00f3n de los actores p\u00fablicos locales y regionales respecto al alcance de la estructura de oportunidades en las localidades aisladas de la Regi\u00f3n de Arica y Parinacota. Bajo la direcci\u00f3n de la profesora Dra.Vanessa Jara Labarth\u00e9. Jenny Jim\u00e9nez L. Estudio exploratorio de los cambios de los factores culturales en los j\u00f3venes aymaras en situaci\u00f3n de emigraci\u00f3n a los centros urbanos. Bajo la direcci\u00f3n del Profesor Dr. Alex Espinoza V. Estas actividades se han estado realizando en las dependencias de Cetro investigaci\u00f3n y Psicosocial (Ceinpsi).Se informa a la comunidad universitaria que el Programa Magister en Ciencias Sociales Aplicadas ha estado desarrollando la actividad de ex\u00e1menes de grado. Este a\u00f1o se ha iniciado con la presentaci\u00f3n de trabajos de investigaci\u00f3n. Carolina Opazo Saavedra: Educaci\u00f3n intercultural: incidencia el factor \u00e9tnico en las habilidades de compresi\u00f3n de lectura en grupos de escolares en la Regi\u00f3n de Arica y Parinacota, bajo la direcci\u00f3n del profesor Dr. Alex Espinoza Verdejo. Karla Pe\u00f1a Sav\u00e9 : Victimizaci\u00f3n y polivictimizaci\u00f3n de ni\u00f1os, ni\u00f1as y adolescentes usuarios de un proyecto de intervenci\u00f3n breve dependiente de Sename, bajo la direcci\u00f3n del profesor Dr. Cristian Pinto Cort\u00e9s. Christian Orellana Obreque : Percepci\u00f3n y representaci\u00f3n de los actores p\u00fablicos locales y regionales respecto al alcance de la estructura de oportunidades en las localidades aisladas de la Regi\u00f3n de Arica y Parinacota. Bajo la direcci\u00f3n de la profesora Dra.Vanessa Jara Labarth\u00e9. Jenny Jim\u00e9nez L. Estudio exploratorio de los cambios de los factores culturales en los j\u00f3venes aymaras en situaci\u00f3n de emigraci\u00f3n a los centros urbanos. Bajo la direcci\u00f3n del Profesor Dr. Alex Espinoza V. Estas actividades se han estado realizando en las dependencias de Cetro investigaci\u00f3n y Psicosocial (Ceinpsi).<\/p>\n<table border=\"0\" style=\"border-spacing: 10px;\">\n<tbody>\n<tr>\n<td><img alt=\"Imagen foto_00000001\" border=\"0\" class=\"fotodrag\" id=\"foto_00000001\" src=\"\/web\/site\/artic\/20190429\/imag\/foto_0000000120190429173606.jpg\" data-w=\"360\" data-h=\"252\" \/><\/td>\n<td><img alt=\"Imagen foto_00000003\" border=\"0\" class=\"fotodrag\" id=\"foto_00000003\" src=\"\/web\/site\/artic\/20190429\/imag\/foto_0000000320190429173606.jpg\" data-w=\"360\" data-h=\"267\" \/><\/td>\n<\/tr>\n<\/tbody>\n<\/table>\n","protected":false},"excerpt":{"rendered":"<p>Con la presentaci\u00f3n de trabajos de investigaci\u00f3n<\/p>\n","protected":false},"author":3,"featured_media":11907,"comment_status":"open","ping_status":"open","sticky":false,"template":"","format":"standard","meta":[],"categories":[],"tags":[],"_links":{"self":[{"href":"https:\/\/www.uta.cl\/index.php\/wp-json\/wp\/v2\/posts\/11906"}],"collection":[{"href":"https:\/\/www.uta.cl\/index.php\/wp-json\/wp\/v2\/posts"}],"about":[{"href":"https:\/\/www.uta.cl\/index.php\/wp-json\/wp\/v2\/types\/post"}],"author":[{"embeddable":true,"href":"https:\/\/www.uta.cl\/index.php\/wp-json\/wp\/v2\/users\/3"}],"replies":[{"embeddable":true,"href":"https:\/\/www.uta.cl\/index.php\/wp-json\/wp\/v2\/comments?post=11906"}],"version-history":[{"count":0,"href":"https:\/\/www.uta.cl\/index.php\/wp-json\/wp\/v2\/posts\/11906\/revisions"}],"wp:featuredmedia":[{"embeddable":true,"href":"https:\/\/www.uta.cl\/index.php\/wp-json\/wp\/v2\/media\/11907"}],"wp:attachment":[{"href":"https:\/\/www.uta.cl\/index.php\/wp-json\/wp\/v2\/media?parent=11906"}],"wp:term":[{"taxonomy":"category","embeddable":true,"href":"https:\/\/www.uta.cl\/index.php\/wp-json\/wp\/v2\/categories?post=11906"},{"taxonomy":"post_tag","embeddable":true,"href":"https:\/\/www.uta.cl\/index.php\/wp-json\/wp\/v2\/tags?post=11906"}],"curies":[{"name":"wp","href":"https:\/\/api.w.org\/{rel}","templated":true}]}}