{"id":11904,"date":"2019-04-30T12:45:25","date_gmt":"2019-04-30T12:45:25","guid":{"rendered":"https:\/\/www.uta.cl\/s\/2W_"},"modified":"2019-04-30T12:45:25","modified_gmt":"2019-04-30T12:45:25","slug":"con-reconocimiento-regional-la-uta-y-el-sistema-de-bibliotecas","status":"publish","type":"post","link":"https:\/\/www.uta.cl\/index.php\/2019\/04\/30\/con-reconocimiento-regional-la-uta-y-el-sistema-de-bibliotecas\/","title":{"rendered":"Con Reconocimiento Regional, la UTA y el Sistema de Bibliotecas conmemoraron el D\u00eda del Libro, del idioma y del derecho de autor 2019"},"content":{"rendered":"\n<p style=\"text-align: justify;\"><img loading=\"lazy\" alt=\"Imagen foto_00000003\" class=\"fotodrag\" height=\"258\" id=\"foto_00000003\" src=\"\/web\/site\/artic\/20190430\/imag\/foto_0000000320190430124525.jpg\" style=\"float: left; margin-left: 10px; margin-right: 10px;\" width=\"303\" data-w=\"550\" data-h=\"469\" \/>En una significativa ceremonia realizada el d\u00eda 23 del presente en dependencias del Teatro Municipal de Arica, se celebr\u00f3 a nivel regional el D\u00eda del Libro, del Idioma y del Derecho de Autor.<\/p>\n<p style=\"text-align: justify;\">En la ocasi\u00f3n y en representaci\u00f3n de la Mesa Regional de la Lectura, el Coordinador General de Bibliotecas P\u00fablicas Sr. Ricardo P\u00e9rez, realiz\u00f3 un reconocimiento a la labor editorial de nuestra universidad.<\/p>\n<p style=\"text-align: justify;\">La Universidad de Tarapac\u00e1 en los \u00faltimos a\u00f1os ha editado, publicado y distribuido a universidades nacionales, centros de investigaci\u00f3n, colegios medios y b\u00e1sicos e institucionalidad p\u00fablica y privada de la regi\u00f3n Arica-Parinacota, 43 textos producidos por sus investigadores.<\/p>\n<p style=\"text-align: justify;\">El proceso editorial ha permitido a la universidad normalizar el tratamiento respecto de inscripci\u00f3n de derechos de propiedad intelectual, comercial, registro de ISBN y cumplimento de la Ley de Dep\u00f3sito Legal.<\/p>\n<p style=\"text-align: justify;\">En sus contenidos, las publicaciones han logrado visibilizar tem\u00e1ticas relacionadas a \u00e1reas que se encuentran en pleno desarrollo en materia de investigaci\u00f3n en nuestra univeridad abarcando aspectos en torno a la Historia, Patrimonio Natural y Cultural, Antropolog\u00eda y Arqueolog\u00eda preferentemente.<\/p>\n<p style=\"text-align: justify;\">Al respecto el Director del Sistema de Bibliotecas, Dr. Rodrigo Ruz se\u00f1al\u00f3 que &#8220;es un reconocmiento externo y a nivel de la institucionalidad pertinente, respecto del quehacer editorial de nuestra universidad\n","protected":false},"excerpt":{"rendered":"<p>Reconocimiento proveniente de la Mesa Regional de la Lectura<\/p>\n","protected":false},"author":3,"featured_media":11905,"comment_status":"open","ping_status":"open","sticky":false,"template":"","format":"standard","meta":[],"categories":[],"tags":[],"_links":{"self":[{"href":"https:\/\/www.uta.cl\/index.php\/wp-json\/wp\/v2\/posts\/11904"}],"collection":[{"href":"https:\/\/www.uta.cl\/index.php\/wp-json\/wp\/v2\/posts"}],"about":[{"href":"https:\/\/www.uta.cl\/index.php\/wp-json\/wp\/v2\/types\/post"}],"author":[{"embeddable":true,"href":"https:\/\/www.uta.cl\/index.php\/wp-json\/wp\/v2\/users\/3"}],"replies":[{"embeddable":true,"href":"https:\/\/www.uta.cl\/index.php\/wp-json\/wp\/v2\/comments?post=11904"}],"version-history":[{"count":0,"href":"https:\/\/www.uta.cl\/index.php\/wp-json\/wp\/v2\/posts\/11904\/revisions"}],"wp:featuredmedia":[{"embeddable":true,"href":"https:\/\/www.uta.cl\/index.php\/wp-json\/wp\/v2\/media\/11905"}],"wp:attachment":[{"href":"https:\/\/www.uta.cl\/index.php\/wp-json\/wp\/v2\/media?parent=11904"}],"wp:term":[{"taxonomy":"category","embeddable":true,"href":"https:\/\/www.uta.cl\/index.php\/wp-json\/wp\/v2\/categories?post=11904"},{"taxonomy":"post_tag","embeddable":true,"href":"https:\/\/www.uta.cl\/index.php\/wp-json\/wp\/v2\/tags?post=11904"}],"curies":[{"name":"wp","href":"https:\/\/api.w.org\/{rel}","templated":true}]}}