{"id":11902,"date":"2019-04-30T13:26:07","date_gmt":"2019-04-30T13:26:07","guid":{"rendered":"https:\/\/www.uta.cl\/s\/32_"},"modified":"2019-04-30T13:26:07","modified_gmt":"2019-04-30T13:26:07","slug":"estudiantes-de-la-escuela-de-negocios-de-la-uta-participan-en-atencion-a","status":"publish","type":"post","link":"https:\/\/www.uta.cl\/index.php\/2019\/04\/30\/estudiantes-de-la-escuela-de-negocios-de-la-uta-participan-en-atencion-a\/","title":{"rendered":"Estudiantes de la Escuela de Negocios de la UTA participan en atenci\u00f3n a contribuyentes para declaraci\u00f3n de Operaci\u00f3n Renta 2019"},"content":{"rendered":"\n<p style=\"text-align: justify;\"><img loading=\"lazy\" alt=\"Imagen foto_00000001\" class=\"fotodrag\" height=\"242\" id=\"foto_00000001\" src=\"\/web\/site\/artic\/20190430\/imag\/foto_0000000120190430132607.jpg\" style=\"float: left; margin-left: 10px; margin-right: 10px;\" width=\"362\" data-w=\"550\" data-h=\"368\" \/>Como ya es tradicional en los \u00faltimos a\u00f1os, m\u00e1s de 50 alumnos de las carreras de Contador Auditor \u2013 Contador P\u00fablico r\u00e9gimen vespertino de la Escuela de Negocios de la Universidad de Tarapac\u00e1 con apoyo de funcionarios del Servicio de Impuestos Internos (SII), participan en la atenci\u00f3n a contribuyentes de la regi\u00f3n que deben declarar sus impuestos en el nuevo proceso de Operaci\u00f3n Renta 2019, constituy\u00e9ndose en un importante lazo de vinculaci\u00f3n con la comunidad para cumplir con esta obligaci\u00f3n tributaria.<\/p>\n<p style=\"text-align: justify;\">La puesta en marcha y funcionamiento de esta importante iniciativa fue evaluada este viernes 26 de abril ante la visita de la Directora Regional del Servicio de Impuestos Internos y funcionarios, Mar\u00eda Lizana Ortuya quienes estuvieron acompa\u00f1ados del Decano de la Facultad de Administraci\u00f3n y Negocios, Luis Mella Salinas, de la jefa de carrera de Contador Auditor-Contador P\u00fablico, Sof\u00eda Chura Untoja, quienes visitaron los m\u00f3dulos de atenci\u00f3n de p\u00fablico dispuestos en el edificio de la Facultad de Ciencias Sociales y Jur\u00eddicas del Campus Saucache, hasta donde hab\u00eda llegado una gran cantidad de usuarios para hacer consultas y declaraciones de renta en l\u00ednea.<\/p>\n<p style=\"text-align: justify;\">La Directora Regional del SII, Mar\u00eda Lizana, manifest\u00f3 la importancia del apoyo de la Universidad de Tarapac\u00e1 en estos \u00faltimos a\u00f1os para asistir a la comunidad con un excelente equipo de j\u00f3venes a punto de ser profesionales. &#8220;el SII ha logrado llegar a la comunidad en forma ordenada y tranquila en la Operaci\u00f3n Renta 2019. La mayor\u00eda de la gente ha realizado su declaraci\u00f3n para obtener su devoluci\u00f3n anticipada y el plazo para realizarla es hasta el 8 de mayo con devoluci\u00f3n y con pago hasta el 30 de abril&#8221;.<\/p>\n<p style=\"text-align: justify;\">En tanto, el Decano de la Facultad de Administraci\u00f3n y Negocios, Luis Mella, se\u00f1al\u00f3 que, &#8220;una de las actividades principales de la Universidad es la vinculaci\u00f3n con el medio y esta es una actividad que nos vincula desde hace muchos a\u00f1os con la comunidad arique\u00f1a gracias a la alianza estrat\u00e9gica que tenemos con el Servicio de Impuestos Internos de poder ofrecer a las personas colaboraci\u00f3n, ayuda y orientaci\u00f3n en su declaraci\u00f3n de renta, actividad que ratifica y fortalece a la vinculaci\u00f3n de la Universidad con la comunidad, instal\u00e1ndola como actor importante en lo que tiene que ver con la actividad econ\u00f3mica aqu\u00ed en la ciudad&#8221;.<\/p>\n<p style=\"text-align: justify;\">Agreg\u00f3 que, &#8220;hemos estado todo este mes con la implementaci\u00f3n de los m\u00f3dulos de atenci\u00f3n, de los equipos y de nuestros estudiantes quienes trabajan con el apoyo de los funcionarios del SII, lo cual ha sido un trabajo mancomunado realizando esta exitosa labor&#8221;.<\/p>\n<p style=\"text-align: justify;\">Por su parte, la jefa de carrera de Contador Auditor-Contador P\u00fablico, Sof\u00eda Chura Untoja, se\u00f1al\u00f3 que, &#8220;para nosotros como carrera estamos contentos porque nuestros alumnos pueden poner in situ las competencias que han adquirido no solamente en la asignatura de Legislaci\u00f3n Tributaria, sino tambi\u00e9n a lo largo de estos a\u00f1os que han podido obtener la experiencia de a\u00f1o a a\u00f1o ser part\u00edcipes de esta actividad de vinculaci\u00f3n con el medio y de poder asistir a todos los contribuyentes que vienen en el mes de abril como en cada a\u00f1o&#8221;.<\/p>\n<p style=\"text-align: justify;\">Jorge Mancilla Rojas, jefe del departamento de Asistencia al Contribuyente del SII, destac\u00f3 que, &#8220;es una bonita experiencia, el SII nos colaboramos mutuamente con la UTA. Como servicio nos sentimos de contar con la participaci\u00f3n activa de los estudiantes, quienes han sido capacitados y el entusiasmo demostrado ha sido excelente&#8221;.<\/p>\n<p style=\"text-align: justify;\">Importa se\u00f1alar que este a\u00f1o, por primera vez los trabajadores a honorarios de la Regi\u00f3n de Arica y Parinacota est\u00e1n obligados a cotizar, con cargo al 10% de retenci\u00f3n, debido a la nueva Ley de Protecci\u00f3n Social que contempla una gradualidad en el pago en la cual podr\u00e1n optar por una cobertura total o parcial. En este sentido, debido al pago de cotizaciones previsionales independientes, los trabajadores podr\u00e1n recibir seguro de invalidez y sobrevivencia, cobertura contra accidentes y enfermedades laborales, derecho a cuidar de los hijos al amparo de la Ley Sanna, prestaciones de salud, licencia y subsidios, derecho a asignaciones familiares y pensiones.<\/p>\n<p><img alt=\"Imagen foto_00000002\" border=\"0\" class=\"fotodrag\" id=\"foto_00000002\" src=\"\/web\/site\/artic\/20190430\/imag\/foto_0000000220190430132607.jpg\" style=\"display: block; margin-left: auto; margin-right: auto;\" data-w=\"650\" data-h=\"409\" \/><\/p>\n","protected":false},"excerpt":{"rendered":"<p>La atenci\u00f3n se est\u00e1 prestando en el edificio de la FACSOJUR, ubicado en Calle Cardenal Caro N\u00b0 348 del Campus Saucache, hasta el martes 30 de abril, de 09:00 a 14:00 horas<\/p>\n","protected":false},"author":3,"featured_media":11903,"comment_status":"open","ping_status":"open","sticky":false,"template":"","format":"standard","meta":[],"categories":[],"tags":[],"_links":{"self":[{"href":"https:\/\/www.uta.cl\/index.php\/wp-json\/wp\/v2\/posts\/11902"}],"collection":[{"href":"https:\/\/www.uta.cl\/index.php\/wp-json\/wp\/v2\/posts"}],"about":[{"href":"https:\/\/www.uta.cl\/index.php\/wp-json\/wp\/v2\/types\/post"}],"author":[{"embeddable":true,"href":"https:\/\/www.uta.cl\/index.php\/wp-json\/wp\/v2\/users\/3"}],"replies":[{"embeddable":true,"href":"https:\/\/www.uta.cl\/index.php\/wp-json\/wp\/v2\/comments?post=11902"}],"version-history":[{"count":0,"href":"https:\/\/www.uta.cl\/index.php\/wp-json\/wp\/v2\/posts\/11902\/revisions"}],"wp:featuredmedia":[{"embeddable":true,"href":"https:\/\/www.uta.cl\/index.php\/wp-json\/wp\/v2\/media\/11903"}],"wp:attachment":[{"href":"https:\/\/www.uta.cl\/index.php\/wp-json\/wp\/v2\/media?parent=11902"}],"wp:term":[{"taxonomy":"category","embeddable":true,"href":"https:\/\/www.uta.cl\/index.php\/wp-json\/wp\/v2\/categories?post=11902"},{"taxonomy":"post_tag","embeddable":true,"href":"https:\/\/www.uta.cl\/index.php\/wp-json\/wp\/v2\/tags?post=11902"}],"curies":[{"name":"wp","href":"https:\/\/api.w.org\/{rel}","templated":true}]}}