{"id":11900,"date":"2019-04-30T13:36:05","date_gmt":"2019-04-30T13:36:05","guid":{"rendered":"https:\/\/www.uta.cl\/s\/44_"},"modified":"2019-04-30T13:36:05","modified_gmt":"2019-04-30T13:36:05","slug":"uta-y-universidad-nacional-jorge-basadre-grohmann-de-tacna-promueven-el","status":"publish","type":"post","link":"https:\/\/www.uta.cl\/index.php\/2019\/04\/30\/uta-y-universidad-nacional-jorge-basadre-grohmann-de-tacna-promueven-el\/","title":{"rendered":"UTA y Universidad Nacional Jorge Basadre Grohmann de Tacna promueven el desarrollo sustentable con apoyo de la CEPAL"},"content":{"rendered":"\n<p style=\"text-align: justify;\"><img loading=\"lazy\" alt=\"Imagen foto_00000001\" class=\"fotodrag\" height=\"208\" id=\"foto_00000001\" src=\"\/web\/site\/artic\/20190430\/imag\/foto_0000000120190430133605.jpg\" style=\"float: left; margin-left: 10px; margin-right: 10px;\" width=\"327\" data-w=\"550\" data-h=\"350\" \/>Este viernes 12 de abril, se present\u00f3 el Programa de Creaci\u00f3n de Ecosistema Productivo Fronterizo Arica-Tacna, proyecto articulado por la Universidad de Tarapac\u00e1 y la Universidad Nacional Jorge Basadre Grohmann con el apoyo de la Comisi\u00f3n Econ\u00f3mica para Am\u00e9rica Latina y el Caribe (CEPAL) y cuyo objetivo es contribuir a generar ideas de desarrollo productivo bifronterizo, desarrollando capacidades que permitan expandir la oferta empresarial competitiva a trav\u00e9s de programas de escalamiento productivo y otras iniciativas de fomento dirigidas al aumento de la competitividad y a la sostenibilidad de la regi\u00f3n.<\/p>\n<p style=\"text-align: justify;\">El encuentro, realizado en la Sala de Consejo de Rector\u00eda de esta Casa de Estudios Superiores cont\u00f3 con la presencia de la Secretaria Ejecutiva de la CEPAL, Alicia B\u00e1rcena Ibarra, del Rector de la UTA, Dr. Emilio Rodr\u00edguez Ponce, del Rector de la UNJBG, Adilio Portella Valverde y con la participaci\u00f3n de autoridades de esta Casa de Estudios Superiores como el Vicerrector Acad\u00e9mico, Dr. Alfonso D\u00edaz Aguad, Vicerrectora de Desarrollo Estrat\u00e9gico, Dra. J\u00e9nniffer Peralta Montecinos, Vicerrector de Administraci\u00f3n y Finanzas (s), Jorge Bernal Peralta; Director de Relaciones Internacionales (s), Eugenio Doussoulin y de la Directora de Planificaci\u00f3n y Proyectos, Bernardina Cisternas Arapio, quienes participaron junto a los principales actores locales involucrados en el tema como los secretarios regionales ministeriales de agricultura y econom\u00eda, Corfo, Centro de Desarrollo de Negocios, C\u00e1mara de Turismo, Sercotec, entre otros.<\/p>\n<p style=\"text-align: justify;\">Para la Secretaria Ejecutiva de la CEPAL, Alicia B\u00e1rcena, quien agradeci\u00f3 la presencia de los asistentes convocados, destacando que esta reuni\u00f3n de trabajo en la cual se\u00f1al\u00f3 que &#8220;como agencia de las Naciones Unidas, la visi\u00f3n de la CEPAL es apoyar las distintas iniciativas que surgen en los pa\u00edses de Am\u00e9rica Latina, tanto en desarrollo social como en desarrollo productivo con la capacitaci\u00f3n y financiamiento de proyectos. Estamos ac\u00e1 para aprender de ustedes, de lo que piensan, para nosotros es importante el apoyo t\u00e9cnico que pueda brindar la CEPAL ya sea de cooperaci\u00f3n o traer experiencias de otros lugares. Definitivamente creemos que hay oportunidades muy interesantes en esta zona de Arica y Tacna para la creaci\u00f3n de un ecosistema t\u00e9cnico, cient\u00edfico y de innovaci\u00f3n entre ambas universidades. Para la CEPAL es un honor poder acompa\u00f1arlos y mucho mejor si contamos con la presencia del sector productivo&#8221;.<\/p>\n<p style=\"text-align: justify;\">Por su parte, el Rector de la Universidad de Tarapac\u00e1, Dr. Emilio Rodr\u00edguez Ponce indic\u00f3 que este Programa de Creaci\u00f3n de Ecosistema Productivo Fronterizo Arica-Tacna busca, &#8220;trabajar colaborativamente donde seamos capaces de poner en valor ventajas competitivas que nos permitan insertarnos de la mejor manera en los mercados internacionales. Contar con el apoyo de la CEPAL es un honor por todo lo que ha significado en su historia propia y porque la Comisi\u00f3n Econ\u00f3mica para Am\u00e9rica Latina y el Caribe es una entidad vinculada a las Naciones Unidas. En definitiva trabajamos en la posibilidad de un apoyo t\u00e9cnico para explorar fuentes de financiamiento y sobretodo, la posibilidad de trabajar en conjunto y construir un ecosistema productivo que nos conlleve a tener ciertas ventajas y fortalezas competitivas para los sectores hoy convocados&#8221;.<\/p>\n<p style=\"text-align: justify;\">En tanto, la Vicerrectora de Desarrollo Estrat\u00e9gico, Dra. Jenniffer Peralta Montecinos, &#8220;nuestra universidad regional y de zona extrema est\u00e1 disponible para cumplir con nuestro rol que va m\u00e1s all\u00e1 de la formaci\u00f3n y del desarrollo disciplinario dentro de la Universidad que sin duda tiene un componente fundamental cuando se trata de cumplir con nuestra misi\u00f3n que es generar desarrollo social, productivo y econ\u00f3mico para el bienestar de toda la comunidad y la calidad de vida de todos los habitantes de nuestra regi\u00f3n. En esta oportunidad ambas universidades hemos tomado conciencia, acuerdos y un compromiso mutuo en t\u00e9rminos de colaborar para hacer que este rol no solamente se cumpla a nivel de la comunidad en la cual estamos insertos, sino que ese alcance sea en la macroregi\u00f3n de Tacna y Arica&#8221;.<\/p>\n<p style=\"text-align: justify;\">La reuni\u00f3n de trabajo contempl\u00f3 entre otras, la exposici\u00f3n del Oficial de Asuntos Econ\u00f3micos de la CEPAL, Marco Dini quien se refiri\u00f3 a los procesos de construcci\u00f3n de sistemas territoriales din\u00e1micos. En su presentaci\u00f3n, destac\u00f3 los resultados de la visita a la regi\u00f3n reflexionando respecto a que las universidades tienen el compromiso y las capacidades para promover y apoyar la acci\u00f3n de los actores locales en pro de un programa de integraci\u00f3n y desarrollo territorial. Igualmente se\u00f1al\u00f3 que hay instituciones nacionales con experiencia en fomento productivo y arraigo local en la cual existe una institucionalidad binacional comprometida con la integraci\u00f3n (comit\u00e9 transfronterizo) adem\u00e1s de destacar que se han esbozado propuestas y posibles l\u00edneas de acci\u00f3n para promover el sistema econ\u00f3mico local.<\/p>\n","protected":false},"excerpt":{"rendered":"<p>En reuni\u00f3n de trabajo participaron los principales actores locales del sector productivo con la finalidad de dialogar respecto a las sinergias entre agricultores, proveedores tur\u00edsticos, potenciar los proyectos en energ\u00eda renovable y apoyo a las plataformas log\u00edsticas, asociadas a la actividad del puerto de Arica y apoyo al desarrollo de plataformas de suministro de servicios a la industria minera<\/p>\n","protected":false},"author":3,"featured_media":11901,"comment_status":"open","ping_status":"open","sticky":false,"template":"","format":"standard","meta":[],"categories":[],"tags":[],"_links":{"self":[{"href":"https:\/\/www.uta.cl\/index.php\/wp-json\/wp\/v2\/posts\/11900"}],"collection":[{"href":"https:\/\/www.uta.cl\/index.php\/wp-json\/wp\/v2\/posts"}],"about":[{"href":"https:\/\/www.uta.cl\/index.php\/wp-json\/wp\/v2\/types\/post"}],"author":[{"embeddable":true,"href":"https:\/\/www.uta.cl\/index.php\/wp-json\/wp\/v2\/users\/3"}],"replies":[{"embeddable":true,"href":"https:\/\/www.uta.cl\/index.php\/wp-json\/wp\/v2\/comments?post=11900"}],"version-history":[{"count":0,"href":"https:\/\/www.uta.cl\/index.php\/wp-json\/wp\/v2\/posts\/11900\/revisions"}],"wp:featuredmedia":[{"embeddable":true,"href":"https:\/\/www.uta.cl\/index.php\/wp-json\/wp\/v2\/media\/11901"}],"wp:attachment":[{"href":"https:\/\/www.uta.cl\/index.php\/wp-json\/wp\/v2\/media?parent=11900"}],"wp:term":[{"taxonomy":"category","embeddable":true,"href":"https:\/\/www.uta.cl\/index.php\/wp-json\/wp\/v2\/categories?post=11900"},{"taxonomy":"post_tag","embeddable":true,"href":"https:\/\/www.uta.cl\/index.php\/wp-json\/wp\/v2\/tags?post=11900"}],"curies":[{"name":"wp","href":"https:\/\/api.w.org\/{rel}","templated":true}]}}