{"id":11898,"date":"2019-04-30T16:24:13","date_gmt":"2019-04-30T16:24:13","guid":{"rendered":"https:\/\/www.uta.cl\/rector-dr-emilio-rodriguez-participa-en-dialogo-ciudadano-vision\/web\/2019-04-30\/162413.html"},"modified":"2019-04-30T16:24:13","modified_gmt":"2019-04-30T16:24:13","slug":"rector-dr-emilio-rodriguez-participa-en-dialogo-ciudadano-vision","status":"publish","type":"post","link":"https:\/\/www.uta.cl\/index.php\/2019\/04\/30\/rector-dr-emilio-rodriguez-participa-en-dialogo-ciudadano-vision\/","title":{"rendered":"Rector Dr. Emilio Rodr\u00edguez participa en di\u00e1logo ciudadano \u201cVisi\u00f3n Regional\u201d"},"content":{"rendered":"\n<p style=\"text-align: justify;\">&#8220;<img alt=\"Imagen foto_00000004\" class=\"fotodrag\" id=\"foto_00000004\" src=\"\/web\/site\/artic\/20190430\/imag\/foto_0000000420190430162413.jpg\" style=\"margin-left: 10px; margin-right: 10px; float: left;\" data-w=\"360\" data-h=\"240\" \/>Calidad con gratuidad: \u00bfSe puede de verdad?&#8221;, fue el tema abordado por el Rector de la Universidad de Tarapac\u00e1, Dr. Emilio Rodr\u00edguez Ponce, en una nueva jornada de la temporada 2019, de los desayunos &#8220;Visi\u00f3n Regional&#8221; que organiza el diario La Estrella de Arica destinada a debatir temas de inter\u00e9s com\u00fan en beneficio de la Regi\u00f3n de Arica y Parinacota.<\/p>\n<p style=\"text-align: justify;\">El encuentro realizado en el sal\u00f3n de eventos Pac\u00edfico del Hotel Arica, cont\u00f3 con la presencia del Senador de la Regi\u00f3n, Jos\u00e9 Miguel Insulza, Diputado, Nino Baltolu, Embajador Delegado, Gabriel Zepeda, de la Gobernadora de Arica, Mirtha Arancibia, del Vicerrector Acad\u00e9mico, Dr. Alfonso D\u00edaz; Vicerrector de Administraci\u00f3n y Finanzas, \u00c1lvaro Palma y de la Vicerrectora de Desarrollo Estrat\u00e9gico, Dra. Jenniffer Peralta, adem\u00e1s de integrantes del equipo de gesti\u00f3n de esta Casa de Estudios Superiores, autoridades regionales y representantes del sector p\u00fablico y privado de la regi\u00f3n.<\/p>\n<p style=\"text-align: justify;\"><img alt=\"Imagen foto_00000008\" class=\"fotodrag\" id=\"foto_00000008\" src=\"\/web\/site\/artic\/20190430\/imag\/foto_0000000820190430162413.jpg\" style=\"margin-left: 10px; margin-right: 10px; float: right;\" data-w=\"360\" data-h=\"240\" \/>El Doctor en Ciencias de la Educaci\u00f3n de la Universidad Aut\u00f3noma de Barcelona y Doctor en Ciencias Econ\u00f3micas y Empresariales de la Universidad Complutense de Madrid, Rector Emilio Rodr\u00edguez Ponce, agradeci\u00f3 la invitaci\u00f3n cursada por el Diario La Estrella de Arica y por la posibilidad de dialogar sobre un tema de mucha importancia como es el de la gratuidad y la calidad. &#8220;Es un tema complejo de abordar pero necesario de hacerlo, porque estamos justamente en un proceso de implementaci\u00f3n de una reforma que tiene como eje central el concepto de gratuidad.<\/p>\n<p style=\"text-align: justify;\">&#8220;La gratuidad es un tema sumamente importante para nuestro pa\u00eds y para nuestra regi\u00f3n. Lo que hemos hecho es revelar y mostrar c\u00f3mo el pa\u00eds ha evolucionado en una serie de indicadores que tienen que ver con cobertura siendo uno de los pa\u00edses con mayor proporci\u00f3n de estudiantes en educaci\u00f3n superior en el mundo, es decir, mayor que en los pa\u00edses desarrollados, como tambi\u00e9n hay una serie de elementos positivos en t\u00e9rminos de que los estudiantes chilenos, van al mercado del trabajo y tienen \u00e9xito en promedio. Pero tambi\u00e9n hay falencias importantes en el sistema, que tienen que ver con los porcentajes de analfabetismo funcional, los desaf\u00edos de la formaci\u00f3n de profesores de educaci\u00f3n parvularia, entre otros elementos, adem\u00e1s de la asimetr\u00eda que existe en los planteles universitarios respecto a su cuerpo de acad\u00e9micos.<\/p>\n<p style=\"text-align: justify;\"><img alt=\"Imagen foto_00000010\" class=\"fotodrag\" id=\"foto_00000010\" src=\"\/web\/site\/artic\/20190430\/imag\/foto_0000001020190430162413.jpg\" style=\"margin-left: 10px; margin-right: 10px; float: left;\" data-w=\"360\" data-h=\"240\" \/>Agreg\u00f3 que, &#8220;en este marco priorizamos c\u00f3mo las nuevas reformas tienen o no impacto sobre esto y qu\u00e9 impactos generan. Las nuevas reformas tienen un impacto enorme sobre las familias y las personas que son muy positivas, porque les permiten al 60% de los grupos socialmente m\u00e1s vulnerables tener acceso a la gratuidad, lo cual es sin duda un paso adelante decisivo. Como esa gratuidad est\u00e1 dada con un financiamiento solamente parcial por la duraci\u00f3n ideal de las carreras, esto genera problemas importantes en todo el sistema como se ha podido ver en la prensa nacional y regional.<\/p>\n<p style=\"text-align: justify;\">Agreg\u00f3 que, &#8220;en consecuencia, es all\u00ed donde las instituciones tienen que tener capacidad para responder y en el caso de la Universidad de Tarapac\u00e1, hemos mostrado como una universidad peque\u00f1a, en una zona extrema, es capaz de adaptarse a estos cambios fundamentalmente a trav\u00e9s de la eficiencia, de la calidad de su cuerpo acad\u00e9mico el cual es de excelencia a nivel nacional como se demuestra en todos los rankings, adem\u00e1s de ser un cuerpo acad\u00e9mico que trabaja muy fuerte y profundamente. Esta interacci\u00f3n de comunidad universitaria, estudiantes, funcionarios y acad\u00e9micos es la que permite enfrentar tiempos que son dif\u00edciles porque en realidad la gratuidad no est\u00e1 100% financiada&#8221;, indic\u00f3 el Rector Dr. Emilio Rodr\u00edguez.<\/p>\n<p style=\"text-align: justify;\"><img alt=\"Imagen foto_00000012\" class=\"fotodrag\" id=\"foto_00000012\" src=\"\/web\/site\/artic\/20190430\/imag\/foto_0000001220190430162413.jpg\" style=\"margin-left: 10px; margin-right: 10px; float: right;\" data-w=\"360\" data-h=\"240\" \/>Por su parte, David Doll, Director del diario La Estrella de Arica, destac\u00f3 la exposici\u00f3n del Rector de la Universidad de Tarapac\u00e1, expresando: &#8220;La UTA es un eje importante en el desarrollo de nuestra regi\u00f3n. Sabemos el papel que cumple esta Casa de Estudios Superiores en la regi\u00f3n y el aporte que hace tambi\u00e9n al pa\u00eds. Tener hoy a su rector explicando un tema tan importante como es el de la gratuidad es muy relevante para nosotros como para la comunidad en general&#8221;.<\/p>\n\n\n\n<figure class=\"wp-block-image\"><a href=\"https:\/\/photos.app.goo.gl\/jJhrpNop3ggyHyVJA\" target=\"_blank\"><img loading=\"lazy\" width=\"300\" height=\"60\" src=\"https:\/\/www.uta.cl\/wp-content\/uploads\/2019\/05\/ver_galeria.jpg\" alt=\"\" class=\"wp-image-8828\"\/><\/a><\/figure>\n","protected":false},"excerpt":{"rendered":"<p>La m\u00e1xima autoridad universitaria expuso  el tema \u201cCalidad con gratuidad: \u00bfSe puede de verdad?\u201d. <\/p>\n","protected":false},"author":3,"featured_media":11899,"comment_status":"open","ping_status":"open","sticky":false,"template":"","format":"standard","meta":[],"categories":[],"tags":[],"_links":{"self":[{"href":"https:\/\/www.uta.cl\/index.php\/wp-json\/wp\/v2\/posts\/11898"}],"collection":[{"href":"https:\/\/www.uta.cl\/index.php\/wp-json\/wp\/v2\/posts"}],"about":[{"href":"https:\/\/www.uta.cl\/index.php\/wp-json\/wp\/v2\/types\/post"}],"author":[{"embeddable":true,"href":"https:\/\/www.uta.cl\/index.php\/wp-json\/wp\/v2\/users\/3"}],"replies":[{"embeddable":true,"href":"https:\/\/www.uta.cl\/index.php\/wp-json\/wp\/v2\/comments?post=11898"}],"version-history":[{"count":0,"href":"https:\/\/www.uta.cl\/index.php\/wp-json\/wp\/v2\/posts\/11898\/revisions"}],"wp:featuredmedia":[{"embeddable":true,"href":"https:\/\/www.uta.cl\/index.php\/wp-json\/wp\/v2\/media\/11899"}],"wp:attachment":[{"href":"https:\/\/www.uta.cl\/index.php\/wp-json\/wp\/v2\/media?parent=11898"}],"wp:term":[{"taxonomy":"category","embeddable":true,"href":"https:\/\/www.uta.cl\/index.php\/wp-json\/wp\/v2\/categories?post=11898"},{"taxonomy":"post_tag","embeddable":true,"href":"https:\/\/www.uta.cl\/index.php\/wp-json\/wp\/v2\/tags?post=11898"}],"curies":[{"name":"wp","href":"https:\/\/api.w.org\/{rel}","templated":true}]}}