{"id":11896,"date":"2019-05-02T17:51:54","date_gmt":"2019-05-02T17:51:54","guid":{"rendered":"https:\/\/www.uta.cl\/s\/5g_"},"modified":"2019-05-02T17:51:54","modified_gmt":"2019-05-02T17:51:54","slug":"con-alta-convocatoria-se-realizo-lanzamiento-del-libro-como-cultivar-el","status":"publish","type":"post","link":"https:\/\/www.uta.cl\/index.php\/2019\/05\/02\/con-alta-convocatoria-se-realizo-lanzamiento-del-libro-como-cultivar-el\/","title":{"rendered":"Con alta convocatoria se realiz\u00f3 lanzamiento del libro \u201cC\u00f3mo cultivar el liderazgo educativo. Trece miradas\u201d."},"content":{"rendered":"\n<p style=\"text-align: justify;\"><img alt=\"Imagen foto_00000022\" class=\"fotodrag\" id=\"foto_00000022\" src=\"\/web\/site\/artic\/20190502\/imag\/foto_0000002220190502175154.jpg\" style=\"margin-left: 10px; margin-right: 10px; float: left;\" data-w=\"360\" data-h=\"240\" \/>Con m\u00e1s de cien asistentes en el Sal\u00f3n de Eventos de la Facultad de Ciencias Sociales y Jur\u00eddicas (FACSOJUR) de la Universidad de Tarapac\u00e1, este viernes 26 de abril, se realiz\u00f3 el lanzamiento del tercer libro del Centro de Desarrollo de Liderazgo Educativo, CEDLE: &#8220;C\u00f3mo cultivar el liderazgo educativo: Trece miradas&#8221;, presentado por su director el Dr. Jos\u00e9 Weinstein, y cuya edici\u00f3n busca formar y desarrollar capacidades de liderazgo escolar, adem\u00e1s de hacer hincapi\u00e9 en el trabajo de l\u00edderes y ampliar el liderazgo hacia otros niveles como una herramienta para la nueva fase en el sistema escolar chileno.<\/p>\n<p style=\"text-align: justify;\">La actividad organizada por el Centro EDUCAR de la Universidad de Tarapac\u00e1 y el Centro de Desarrollo de Liderazgo Educativo (CEDLE), cont\u00f3 con la presencia de autoridades universitarias, acad\u00e9micos, profesores y profesoras, estudiantes e invitados especiales, quienes participaron previamente en la presentaci\u00f3n del curso de perfeccionamiento &#8220;Formaci\u00f3n de liderazgo educativo&#8221;, para ser impartido en el primer semestre acad\u00e9mico.<\/p>\n<p style=\"text-align: justify;\"><img alt=\"Imagen foto_00000011\" class=\"fotodrag\" id=\"foto_00000011\" src=\"\/web\/site\/artic\/20190502\/imag\/foto_0000001120190502175154.jpg\" style=\"margin-left: 10px; margin-right: 10px; float: right;\" data-w=\"360\" data-h=\"240\" \/>En la presentaci\u00f3n, el Dr. Jos\u00e9 Weinstein, explic\u00f3 que, &#8220;este libro trata sobre este estrat\u00e9gico tema, sobre el cual se sabe en el mundo actual mucho m\u00e1s de lo que creemos \u2013y de lo que habitualmente tomamos en consideraci\u00f3n\u2013 en Chile y Am\u00e9rica Latina. No en vano en muchos sistemas escolares ya se cuenta con precisos est\u00e1ndares de calidad respecto de la formaci\u00f3n de directivos escolares, que fijan los requisitos b\u00e1sicos que deben cumplir los programas formativos para poder acceder a recursos p\u00fablicos o bien para poder ser considerados como un pelda\u00f1o dentro de la carrera directiva&#8221;.<\/p>\n<p style=\"text-align: justify;\">En tanto, el Acad\u00e9mico del Departamento de Educaci\u00f3n, Dr. Ra\u00fal Bustos Gonz\u00e1lez, manifest\u00f3 su satisfacci\u00f3n por la actividad y el logro alcanzado: &#8220;Creo que lo m\u00e1s relevante de esta actividad en donde hemos tenido el lanzamiento del libro editado por CEDLE y la inauguraci\u00f3n del curso tambi\u00e9n con ellos, es que confirma la relaci\u00f3n que la Universidad de Tarapac\u00e1 quiere consolidar con los establecimientos educacionales de la regi\u00f3n. El liderazgo es uno de los temas, que los directores se\u00f1alaron, m\u00e1s relevantes de tratar y de buscar formaci\u00f3n, y con esto empezamos a dar respuesta a esta necesidad. Habla de la buena relaci\u00f3n que existe entre el sistema educativo y la Facultad de Educaci\u00f3n de nuestra Universidad&#8221;.<\/p>\n<p style=\"text-align: justify;\"><img alt=\"Imagen foto_00000013\" class=\"fotodrag\" id=\"foto_00000013\" src=\"\/web\/site\/artic\/20190502\/imag\/foto_0000001320190502175154.jpg\" style=\"margin-left: 10px; margin-right: 10px; float: left;\" data-w=\"360\" data-h=\"240\" \/>El tercer libro de la colecci\u00f3n de ensayos y art\u00edculos internacionales de la Serie Liderazgo Educativo CEDLE, contempla trece cap\u00edtulos in\u00e9ditos escritos por: Tony Bush, Rebecca Cheung, Neil Dempster, Bev Fl\u00fcckiger, Joseph Flessa, Jos\u00e9 Mar\u00eda Garc\u00eda, Stephan Huber, Sonia Ben Jaafar, Greer Johnson, Susan Lovett, Crist\u00f3bal Madero, Rick Mintrop, Kobus Mentz, Miguel \u00d3rdenes, Margaret Terry Orr, Margarita Poggi, Katina Pollock, Santiago Rinc\u00f3n Gallardo, Marius Schwander, Guri Skedsmo, Charles Slater, Donna H. Swapp Oon-Seng Tan, Annette R. Walker, Michelle D. Young y traducidos al espa\u00f1ol por el Centro de Desarrollo de Liderazgo Educativo.<\/p>\n<p style=\"text-align: justify;\"><strong>Curso de perfeccionamiento &#8220;Formaci\u00f3n de Liderazgo Educativo&#8221;<\/strong><\/p>\n<p style=\"text-align: justify;\">Previamente al lanzamiento del libro, la jornada se inici\u00f3 con la presentaci\u00f3n del curso de perfeccionamiento &#8220;Formaci\u00f3n de Liderazgo Educativo&#8221;, curso especializado en liderazgo y gesti\u00f3n de calidad de instituciones educativas, el cual est\u00e1 dirigido al cuerpo docente de los establecimientos educacionales de la Red Yaticha\u00f1a de Arica y cuyo objetivo es contribuir a la formaci\u00f3n de directivos que se desempe\u00f1en en el sistema educativo, idealmente en funciones de liderazgo y gesti\u00f3n educacional y, procesos de transformaci\u00f3n y cambio de las principales pr\u00e1cticas en este \u00e1mbito.<\/p>\n<p style=\"text-align: justify;\"><img alt=\"Imagen foto_00000015\" class=\"fotodrag\" id=\"foto_00000015\" src=\"\/web\/site\/artic\/20190502\/imag\/foto_0000001520190502175154.jpg\" style=\"margin-left: 10px; margin-right: 10px; float: right;\" data-w=\"360\" data-h=\"240\" \/>&#8220;Es vital poder hacer alianzas con distintas universidades del pa\u00eds y la universidad de Tarapac\u00e1 es una referencia importante, con mucho arraigo en la regi\u00f3n y por lo mismo nos pareci\u00f3 fundamental apoyar a esta instituci\u00f3n en materia de liderazgo escolar. Estamos empezando con mucho entusiasmo este curso que tambi\u00e9n lo hemos hecho por ejemplo con la Universidad de La Serena y la Universidad Cat\u00f3lica del Norte&#8221;, expres\u00f3 el Director del Centro de Desarrollo de Liderzgo Educativo, Dr. Jos\u00e9 Weinstein.<\/p>\n<p style=\"text-align: justify;\">El curso Liderazgo y Gesti\u00f3n de Calidad de instituciones educativas estar\u00e1 bajo la tutela de acad\u00e9micos de la Universidad de Tarapac\u00e1 como el Dr. Ra\u00fal Bustos Gonz\u00e1lez y el Dr. Carlos Mondaca Rojas, y ser\u00e1 dirigido por Sebasti\u00e1n Donoso, doctor en educaci\u00f3n y jefe de la l\u00ednea Desarrollo de capacidades formativas en liderazgo en universidades regionales, del Centro de Desarrollo de Liderazgo Educativo (CEDLE).<\/p>\n\n\n\n<figure class=\"wp-block-image\"><a href=\"https:\/\/photos.app.goo.gl\/qw4zRbArQRwJEDXr8\" target=\"_blank\"><img loading=\"lazy\" width=\"300\" height=\"60\" src=\"https:\/\/www.uta.cl\/wp-content\/uploads\/2019\/05\/ver_galeria.jpg\" alt=\"\" class=\"wp-image-8828\"\/><\/a><\/figure>\n","protected":false},"excerpt":{"rendered":"<p>El viernes 26 de abril fue presentado en la Universidad de Tarapac\u00e1 el tercer libro de la colecci\u00f3n de ensayos y art\u00edculos internacionales de la Serie Liderazgo Educativo CEDLE, que en esta ocasi\u00f3n abord\u00f3 la formaci\u00f3n de los directivos escolares a partir de diversas experiencias internacionales. <\/p>\n","protected":false},"author":3,"featured_media":11897,"comment_status":"open","ping_status":"open","sticky":false,"template":"","format":"standard","meta":[],"categories":[],"tags":[],"_links":{"self":[{"href":"https:\/\/www.uta.cl\/index.php\/wp-json\/wp\/v2\/posts\/11896"}],"collection":[{"href":"https:\/\/www.uta.cl\/index.php\/wp-json\/wp\/v2\/posts"}],"about":[{"href":"https:\/\/www.uta.cl\/index.php\/wp-json\/wp\/v2\/types\/post"}],"author":[{"embeddable":true,"href":"https:\/\/www.uta.cl\/index.php\/wp-json\/wp\/v2\/users\/3"}],"replies":[{"embeddable":true,"href":"https:\/\/www.uta.cl\/index.php\/wp-json\/wp\/v2\/comments?post=11896"}],"version-history":[{"count":0,"href":"https:\/\/www.uta.cl\/index.php\/wp-json\/wp\/v2\/posts\/11896\/revisions"}],"wp:featuredmedia":[{"embeddable":true,"href":"https:\/\/www.uta.cl\/index.php\/wp-json\/wp\/v2\/media\/11897"}],"wp:attachment":[{"href":"https:\/\/www.uta.cl\/index.php\/wp-json\/wp\/v2\/media?parent=11896"}],"wp:term":[{"taxonomy":"category","embeddable":true,"href":"https:\/\/www.uta.cl\/index.php\/wp-json\/wp\/v2\/categories?post=11896"},{"taxonomy":"post_tag","embeddable":true,"href":"https:\/\/www.uta.cl\/index.php\/wp-json\/wp\/v2\/tags?post=11896"}],"curies":[{"name":"wp","href":"https:\/\/api.w.org\/{rel}","templated":true}]}}