{"id":11890,"date":"2019-05-03T16:30:39","date_gmt":"2019-05-03T16:30:39","guid":{"rendered":"https:\/\/www.uta.cl\/s\/8C_"},"modified":"2019-05-03T16:30:39","modified_gmt":"2019-05-03T16:30:39","slug":"secretario-de-la-uta-participa-en-seminario-de-proteccion-de-datos","status":"publish","type":"post","link":"https:\/\/www.uta.cl\/index.php\/2019\/05\/03\/secretario-de-la-uta-participa-en-seminario-de-proteccion-de-datos\/","title":{"rendered":"Secretario de la UTA participa en seminario de protecci\u00f3n de datos personales \u201cSigue la Huella de tus Datos\u201d organizado por el Consejo para la Transparencia"},"content":{"rendered":"\n<p style=\"text-align: justify;\"><img alt=\"Imagen foto_00000004\" class=\"fotodrag\" id=\"foto_00000004\" src=\"\/web\/site\/artic\/20190503\/imag\/foto_0000000420190503163039.jpg\" style=\"margin-left: 10px; margin-right: 10px; float: left;\" data-w=\"360\" data-h=\"203\" \/>El pasado jueves 25 de abril, el Secretario de la Universidad de Tarapac\u00e1, Luis Tapia Iturrieta particip\u00f3 en el seminario de protecci\u00f3n de datos personales &#8220;Sigue la Huella de tus Datos&#8221;, encuentro organizado por el Consejo para la Transparencia, en el cual se debati\u00f3 junto a expertos y figuras nacionales sobre la Ley de Protecci\u00f3n de Datos personales y los desaf\u00edos que enfrenta como pa\u00eds.<\/p>\n<p style=\"text-align: justify;\">La instancia, realizada en el Sal\u00f3n Fresno del Centro de Extensi\u00f3n de la Universidad Cat\u00f3lica de Chile de la ciudad de Santiago, abord\u00f3 los riesgos para la democracia en un marco en el que predominan los medios digitales y la relevancia de definiciones regulatorias en la materia en un contexto de flujo de datos en una econom\u00eda digital.<\/p>\n<p style=\"text-align: justify;\"><img alt=\"Imagen foto_00000006\" class=\"fotodrag\" id=\"foto_00000006\" src=\"\/web\/site\/artic\/20190503\/imag\/foto_0000000620190503163039.jpg\" style=\"margin-left: 10px; margin-right: 10px; float: right;\" data-w=\"360\" data-h=\"270\" \/>Para el Secretario de esta Casa de Estudios Superiores, &#8220;este tema es de gran relevancia hoy en la vida de las personas con sus datos personales y para el estado en relaci\u00f3n al manejo que se hace con las noticias falsas que afectan al proceso democr\u00e1tico de los pa\u00edses. Chile est\u00e1 desarrollando su legislaci\u00f3n la cual evolucionar\u00e1 a la velocidad con los cambios tecnol\u00f3gicos que la dejan obsoleta&#8221;.<\/p>\n<p style=\"text-align: justify;\">En este contexto, Luis Tapia se refiri\u00f3 al seguimiento de los datos, &#8220;los cuales tienen impactos sobre la informaci\u00f3n, como identidad, y el patrimonio que son confiados por nuestra parte a las instituciones financieras, registro civil, instituciones de educaci\u00f3n donde se encuentra todo el historial de la vida acad\u00e9mica del alumno. El uso de informaci\u00f3n privilegiada y la protecci\u00f3n de \u00e9sta, es necesaria que quede resguarda por una legislaci\u00f3n que evolucione con los tiempos y los avances tecnol\u00f3gicos para evitar que personas interesadas con fines fraudulentos se aprovechen de los vac\u00edos legales&#8221;.<\/p>\n<p style=\"text-align: justify;\">La jornada se inici\u00f3 con la bienvenida del Ministro de Hacienda, Felipe Larra\u00edn, para luego dar paso a las palabras del Ministro Secretario General de la Presidencia, Gonzalo Blumel y del Presidente del Consejo para la Transparencia, Marcelo Drago, para luego proseguir con la exposici\u00f3n &#8220;Privacidad: la convergencia como oportunidad&#8221;, a cargo de Ralf Sauer, Deputy Head of Unit International Data Flows &amp; Protection de la Comisi\u00f3n Europea (CE) y los paneles de discusi\u00f3n &#8220;Democracia en la era digital: desaf\u00edos y amenazas&#8221; y Privacidad y crecimiento econ\u00f3mico&#8221;.<\/p>\n<p style=\"text-align: justify;\"><img alt=\"Imagen foto_00000007\" class=\"fotodrag\" id=\"foto_00000007\" src=\"\/web\/site\/artic\/20190503\/imag\/foto_0000000720190503163039.jpg\" style=\"margin-left: 10px; margin-right: 10px; float: left;\" data-w=\"360\" data-h=\"197\" \/>La instancia permiti\u00f3 contar adem\u00e1s con la participaci\u00f3n del Senador Felipe Harboe, la Directora de Ciudadan\u00eda Inteligente, Renata \u00c1vila, la Comisionada INAI de M\u00e9xico, Patricia Kurzcyn; Periodista de Econom\u00eda del diario El Mostrador, Natalia Saavedra, Francisco Moreno, Subsecretario de Hacienda; Graham Greenleaf, Acad\u00e9mico Australiano experto en flujo transfronterizo de datos, entre otras invitados especiales.<\/p>\n","protected":false},"excerpt":{"rendered":"<p>La actividad realizada en la ciudad de Santiago, cont\u00f3 con la presencia de autoridades nacionales e internacionales, consejeros del Consejo para la Transparencia, periodistas e invitados especiales.<\/p>\n","protected":false},"author":3,"featured_media":11891,"comment_status":"open","ping_status":"open","sticky":false,"template":"","format":"standard","meta":[],"categories":[],"tags":[],"_links":{"self":[{"href":"https:\/\/www.uta.cl\/index.php\/wp-json\/wp\/v2\/posts\/11890"}],"collection":[{"href":"https:\/\/www.uta.cl\/index.php\/wp-json\/wp\/v2\/posts"}],"about":[{"href":"https:\/\/www.uta.cl\/index.php\/wp-json\/wp\/v2\/types\/post"}],"author":[{"embeddable":true,"href":"https:\/\/www.uta.cl\/index.php\/wp-json\/wp\/v2\/users\/3"}],"replies":[{"embeddable":true,"href":"https:\/\/www.uta.cl\/index.php\/wp-json\/wp\/v2\/comments?post=11890"}],"version-history":[{"count":0,"href":"https:\/\/www.uta.cl\/index.php\/wp-json\/wp\/v2\/posts\/11890\/revisions"}],"wp:featuredmedia":[{"embeddable":true,"href":"https:\/\/www.uta.cl\/index.php\/wp-json\/wp\/v2\/media\/11891"}],"wp:attachment":[{"href":"https:\/\/www.uta.cl\/index.php\/wp-json\/wp\/v2\/media?parent=11890"}],"wp:term":[{"taxonomy":"category","embeddable":true,"href":"https:\/\/www.uta.cl\/index.php\/wp-json\/wp\/v2\/categories?post=11890"},{"taxonomy":"post_tag","embeddable":true,"href":"https:\/\/www.uta.cl\/index.php\/wp-json\/wp\/v2\/tags?post=11890"}],"curies":[{"name":"wp","href":"https:\/\/api.w.org\/{rel}","templated":true}]}}