{"id":11880,"date":"2019-05-07T15:54:22","date_gmt":"2019-05-07T15:54:22","guid":{"rendered":"https:\/\/www.uta.cl\/la-universidad-de-tarapaca-invita-a-postular-a-la-movilidad-nacional\/web\/2019-05-07\/155422.html"},"modified":"2019-05-07T15:54:22","modified_gmt":"2019-05-07T15:54:22","slug":"la-universidad-de-tarapaca-invita-a-postular-a-la-movilidad-nacional","status":"publish","type":"post","link":"https:\/\/www.uta.cl\/index.php\/2019\/05\/07\/la-universidad-de-tarapaca-invita-a-postular-a-la-movilidad-nacional\/","title":{"rendered":"La Universidad de Tarapac\u00e1 invita a postular a la Movilidad Nacional Estudiantil &#8211; EDUCAR"},"content":{"rendered":"\n<h2 class=\"western\">Prop\u00f3sitos y objetivos del programa<\/h2>\n<p align=\"justify\"><span>El Programa de Movilidad Estudiantil Nacional del Consorcio de Rectores de las Universidades del Estado de Chile, tiene como prop\u00f3sito facilitar a los estudiantes de las Universidades del Consorcio la realizaci\u00f3n de parte de sus estudios en otra casa de estudios, a trav\u00e9s de los protocolos y acuerdos del programa de Movilidad Nacional CUECH. Este Programa contempla el reconocimiento de actividades curriculares que est\u00e9n bajo el Sistema de Cr\u00e9ditos Transferibles como cualquier sistema de cr\u00e9ditos que est\u00e9n instalado en la universidades del CUECH, para intercambios de movilidad estudiantil por periodos acad\u00e9micos acotados, que en el caso de la Universidad de Tarapac\u00e1 son <\/span><span><strong>semestrales,<\/strong><\/span><span> y el reconocimiento de actividades acad\u00e9micas no curriculares como parte anexa a las del curr\u00edculo del Plan de Formaci\u00f3n del estudiante.<\/span><\/p>\n<h2 class=\"western\">Requisitos de postulaci\u00f3n:<\/h2>\n<ol>\n<li>\n<p align=\"justify\"><span>Ser estudiantes de las carreras de pedagog\u00edas de la Universidad de Tarapac\u00e1. (FEH y FACI)<\/span><\/p>\n<\/li>\n<li>\n<p align=\"justify\"><span>Ser estudiante activo matriculado en alguna de las carreras vigentes de la Universidad de Tarapac\u00e1.<\/span><\/p>\n<\/li>\n<li>\n<p align=\"justify\"><span>Haber cursado y aprobado los cuatro primeros semestres de la carrera.<\/span><\/p>\n<\/li>\n<li>\n<p align=\"justify\"><span>No tener causales de eliminaci\u00f3n en el transcurso de la carrera.<\/span><\/p>\n<\/li>\n<li>\n<p align=\"justify\"><span>No haber participado previamente en el programa de movilidad estudiantil al que se postula.<\/span><\/p>\n<\/li>\n<li>\n<p align=\"justify\"><span>Estar al d\u00eda con sus compromisos financieros con la Universidad de Tarapac\u00e1.<\/span><\/p>\n<\/li>\n<\/ol>\n<h2 class=\"western\">Documentos para postulaci\u00f3n:<\/h2>\n<ol>\n<li>\n<p align=\"justify\"><span>Completar formulario de postulaci\u00f3n movilidad estudiantil<\/span><\/p>\n<\/li>\n<li>\n<p align=\"justify\"><span>Completar formulario de &#8220;acuerdo mutuo&#8221;. <\/span><\/p>\n<\/li>\n<li>\n<p align=\"justify\"><span>Presentar certificado de alumno regular vigente (antig\u00fcedad no superior a 30 d\u00edas).<\/span><\/p>\n<\/li>\n<li>\n<p align=\"justify\"><span>Carta motivacional (debe ser escrita a mano).<\/span><\/p>\n<\/li>\n<li>\n<p align=\"justify\"><span>Presentar certificado de concentraci\u00f3n de notas emitido por el portal acad\u00e9mico (antig\u00fcedad no superior a 30 d\u00edas).<\/span><\/p>\n<\/li>\n<li>\n<p align=\"justify\"><span>Contar con un promedio de notas igual o superior a la media de su cohorte de ingreso (ranking).<\/span><\/p>\n<\/li>\n<\/ol>\n<p align=\"justify\"><span>Se informa que en base al ranking de notas, las opciones de universidades seleccionadas por los alumnos y la disponibilidad de vacantes, se determinar\u00e1 un cupo en la universidad de destino.<\/span><\/p>\n<p><span>Las postulaciones admisibles se calificar\u00e1n con porcentaje de 0 a 100% en base a los siguientes criterios:<\/span><\/p>\n<table cellpadding=\"5\" cellspacing=\"0\" style=\"width: 100%;\">\n<tbody>\n<tr>\n<td bgcolor=\"#d0cece\" height=\"10\" width=\"484\">\n<p align=\"center\"><span style=\"color: #000000;\"><span><strong>Criterio<\/strong><\/span><\/span><\/p>\n<\/td>\n<td bgcolor=\"#d0cece\" width=\"82\">\n<p align=\"center\"><span style=\"color: #000000;\"><span><strong>Ponderaci\u00f3n<\/strong><\/span><\/span><\/p>\n<\/td>\n<\/tr>\n<tr>\n<td height=\"12\" width=\"484\">\n<p><span style=\"color: #000000;\"><span>Rendimiento acad\u00e9mico<\/span><\/span><\/p>\n<\/td>\n<td width=\"82\">\n<p align=\"center\"><span style=\"color: #000000;\"><span>40%<\/span><\/span><\/p>\n<\/td>\n<\/tr>\n<tr>\n<td height=\"51\" width=\"484\">\n<p><span style=\"color: #000000;\"><span>Participaci\u00f3n en actividades acad\u00e9micas y extracurriculares (tutores, ayudantes, proyectos de desarrollo estudiantil, dirigentes estudiantiles, deportistas destacados, artistas, etnia, etc.<\/span><\/span><\/p>\n<\/td>\n<td width=\"82\">\n<p align=\"center\"><span style=\"color: #000000;\"><span>35%<\/span><\/span><\/p>\n<\/td>\n<\/tr>\n<tr>\n<td height=\"12\" width=\"484\">\n<p><span style=\"color: #000000;\"><span>Carta Motivacional<\/span><\/span><\/p>\n<\/td>\n<td width=\"82\">\n<p align=\"center\"><span style=\"color: #000000;\"><span>25%<\/span><\/span><\/p>\n<\/td>\n<\/tr>\n<\/tbody>\n<\/table>\n<p align=\"justify\"><span>Los documentos deber\u00e1n ser consolidados en un solo archivo digital formato pdf y enviados a: <\/span><span style=\"color: #0563c1;\"><span style=\"text-decoration: underline;\"><a href=\"mailto:dhenriquez@uta.cl\"><span>dhenriquez@uta.cl<\/span><\/a><\/span><\/span><span> \/ <\/span><span style=\"color: #0563c1;\"><span style=\"text-decoration: underline;\"><a href=\"mailto:alumni@uta.cl\"><span>alumni@uta.cl<\/span><\/a><\/span><\/span><span>, indicando en el asunto el nombre del estudiante y la carrera, siendo plazo \u00faltimo de postulaci\u00f3n el d\u00eda <\/span><span><strong>20 de mayo del 2019.<\/strong><\/span><span> <\/span><\/p>\n<p align=\"justify\"><span>Si resultas seleccionado\/a, recibir\u00e1s una carta de aceptaci\u00f3n, con las fechas en las que deber\u00e1s presentarte en la universidad de destino<\/span><span><span>.<\/span><\/span><\/p>\n<p align=\"justify\"><img alt=\"Imagen foto_00000002\" border=\"0\" class=\"fotodrag\" id=\"foto_00000002\" src=\"\/web\/site\/artic\/20190507\/imag\/foto_0000000220190507155422.jpg\" data-w=\"720\" data-h=\"1004\" \/><br \/><span><span><\/span><\/span><\/p>\n\n\n\n<figure class=\"wp-block-embed-youtube wp-block-embed is-type-video is-provider-youtube wp-embed-aspect-16-9 wp-has-aspect-ratio\"><div class=\"wp-block-embed__wrapper\">\n<p class=\"responsive-video-wrap clr\"><iframe loading=\"lazy\" width=\"1200\" height=\"675\" src=\"https:\/\/www.youtube.com\/embed\/MlW1u1Hn5J8?feature=oembed\" frameborder=\"0\" allow=\"accelerometer; autoplay; encrypted-media; gyroscope; picture-in-picture\" allowfullscreen><\/iframe><\/p>\n<\/div><\/figure>\n","protected":false},"excerpt":{"rendered":"<p>Este programa permite que los Estudiantes de las carreras de Pedagog\u00edas de la Universidad de Tarapac\u00e1 puedan realizar movilidad semestral en una de las 14 universidades del CUECH a lo largo de Chile<\/p>\n","protected":false},"author":3,"featured_media":11881,"comment_status":"open","ping_status":"open","sticky":false,"template":"","format":"standard","meta":[],"categories":[],"tags":[],"_links":{"self":[{"href":"https:\/\/www.uta.cl\/index.php\/wp-json\/wp\/v2\/posts\/11880"}],"collection":[{"href":"https:\/\/www.uta.cl\/index.php\/wp-json\/wp\/v2\/posts"}],"about":[{"href":"https:\/\/www.uta.cl\/index.php\/wp-json\/wp\/v2\/types\/post"}],"author":[{"embeddable":true,"href":"https:\/\/www.uta.cl\/index.php\/wp-json\/wp\/v2\/users\/3"}],"replies":[{"embeddable":true,"href":"https:\/\/www.uta.cl\/index.php\/wp-json\/wp\/v2\/comments?post=11880"}],"version-history":[{"count":0,"href":"https:\/\/www.uta.cl\/index.php\/wp-json\/wp\/v2\/posts\/11880\/revisions"}],"wp:featuredmedia":[{"embeddable":true,"href":"https:\/\/www.uta.cl\/index.php\/wp-json\/wp\/v2\/media\/11881"}],"wp:attachment":[{"href":"https:\/\/www.uta.cl\/index.php\/wp-json\/wp\/v2\/media?parent=11880"}],"wp:term":[{"taxonomy":"category","embeddable":true,"href":"https:\/\/www.uta.cl\/index.php\/wp-json\/wp\/v2\/categories?post=11880"},{"taxonomy":"post_tag","embeddable":true,"href":"https:\/\/www.uta.cl\/index.php\/wp-json\/wp\/v2\/tags?post=11880"}],"curies":[{"name":"wp","href":"https:\/\/api.w.org\/{rel}","templated":true}]}}