{"id":11878,"date":"2019-05-10T12:30:54","date_gmt":"2019-05-10T12:30:54","guid":{"rendered":"https:\/\/www.uta.cl\/educacion-diferencial-fortalece-su-proceso-de-autoevaluacion\/web\/2019-05-10\/123054.html"},"modified":"2021-05-03T14:11:11","modified_gmt":"2021-05-03T14:11:11","slug":"educacion-diferencial-fortalece-su-proceso-de-autoevaluacion","status":"publish","type":"post","link":"https:\/\/www.uta.cl\/index.php\/2019\/05\/10\/educacion-diferencial-fortalece-su-proceso-de-autoevaluacion\/","title":{"rendered":"Educaci\u00f3n Diferencial fortalece su proceso de Autoevaluaci\u00f3n"},"content":{"rendered":"\n<p><p style=\"text-align: justify;\">C<img alt=\"Imagen foto_00000004\" class=\"fotodrag\" id=\"foto_00000004\" src=\"\/web\/site\/artic\/20190510\/imag\/foto_0000000420190510123054.jpg\" style=\"float: left; margin-left: 10px; margin-right: 10px;\" data-w=\"360\" data-h=\"240\">ontinuando con el trabajo que est\u00e1 realizando la carrera de Educaci\u00f3n Diferencial de la Universidad de Tarapac\u00e1 desde su puesta en marcha en marzo del a\u00f1o 2018, se realiz\u00f3 el pasado martes 29 de abril, una importante reuni\u00f3n enmarcada en el proceso de Autoevaluaci\u00f3n.<\/p>\n<p style=\"text-align: justify;\">El encuentro estuvo encabezado por el Director de Calidad Institucional, Hernando Bustos Andreu, el Director del Departamento de Educaci\u00f3n Mario B\u00e1ez Estradas, el Jefe de Carrera, Ascencio Maldonado Guerra, acad\u00e9micos, profesionales del \u00e1rea de Docencia y estudiantes, quienes participaron de esta instancia, como parte del proceso de aseguramiento de la calidad.<\/p>\n<p style=\"text-align: justify;\"><img alt=\"Imagen foto_00000007\" class=\"fotodrag\" id=\"foto_00000007\" src=\"\/web\/site\/artic\/20190510\/imag\/foto_0000000720190510123054.jpg\" style=\"margin-left: 10px; margin-right: 10px; float: right;\" data-w=\"360\" data-h=\"240\">La carrera de Educaci\u00f3n Diferencial busca generar mecanismos de control y garant\u00eda de la calidad de su programa de formaci\u00f3n, reuniendo informaci\u00f3n sustantiva acerca del cumplimiento de sus prop\u00f3sitos declarados y analiz\u00e1ndolos a la luz de un conjunto de criterios previamente definidos, con el fin de tomar decisiones que orienten su acci\u00f3n futura. Para ello se recogi\u00f3 informaci\u00f3n mediante encuestas aplicadas a los acad\u00e9micos y estudiantes asistentes.<\/p>\n<p style=\"text-align: justify;\"><strong>OPINIONES Y EXPECTATIVAS<\/strong><\/p>\n<p style=\"text-align: justify;\">Tras el encuentro, Ascencio Maldonado se\u00f1al\u00f3 que la importancia de esta reuni\u00f3n fue &#8220;ofrecer una oportunidad m\u00e1s de participaci\u00f3n informada a los estudiantes de la carrera, para ampliar la base de conocimientos, el compromiso y socializar las fortalezas que la carrera ha ido generando en el corto tiempo e funcionamiento que lleva, adem\u00e1s de dar respuesta a inquietudes que presentaron los estudiantes. Fue una oportunidad de gran beneficio para los estudiantes que se manifestaron positivamente conformes con las informaciones entregadas. Lo cual viene a profundizar el proceso de aseguramiento de la calidad y de la futura acreditaci\u00f3n, a la que se aspira&#8221;, se\u00f1al\u00f3.<\/p>\n<p style=\"text-align: justify;\"><img alt=\"Imagen foto_00000008\" class=\"fotodrag\" id=\"foto_00000008\" src=\"\/web\/site\/artic\/20190510\/imag\/foto_0000000820190510123054.jpg\" style=\"margin-left: 10px; margin-right: 10px; float: left;\" data-w=\"360\" data-h=\"240\">Por su parte, el Director de Calidad Institucional, Hernando Bustos enfatiz\u00f3 que &#8220;la participaci\u00f3n de acad\u00e9micos y estudiantes es fundamental para el proceso de autoevaluaci\u00f3n y la acreditaci\u00f3n de las carreras, destacando adem\u00e1s aspectos de gran importancia para la etapa de inducci\u00f3n en que se encuentran los estudiantes del primer curso de profesor diferencial, se\u00f1alando los m\u00faltiples servicios y beneficios que existen a disposici\u00f3n de nuestros estudiantes en la Universidad de Tarapac\u00e1&#8221;.<\/p>\n<p style=\"text-align: justify;\">El Director de Calidad Institucional finaliz\u00f3 el encuentro expresando que, &#8220;este encuentro ha sido muy importante para poder establecer un participativo di\u00e1logo con los estudiantes asistentes, contribuyendo a aclarar temas relevantes para el alumnado en su incipiente vida universitaria&#8221;.<\/p>\n<p style=\"text-align: justify;\"><img alt=\"Imagen foto_00000010\" class=\"fotodrag\" id=\"foto_00000010\" src=\"\/web\/site\/artic\/20190510\/imag\/foto_0000001020190510123054.jpg\" style=\"margin-left: 10px; margin-right: 10px; float: right;\" data-w=\"360\" data-h=\"240\">Cabe destacar que esta actividad est\u00e1 enmarcada en el desarrollo del proceso de autoevaluaci\u00f3n de las carreras y programas de pregrado de la Universidad de Tarapac\u00e1, a cargo de la Comisi\u00f3n Nacional de Acreditaci\u00f3n (CNA), contemplando aquellos aspectos definidos por la Ley 20.129 que establece un Sistema Nacional de Aseguramiento de la Calidad de la Educaci\u00f3n Superior.<\/p><\/p>\n\n\n\n<figure class=\"wp-block-image\"><a href=\"https:\/\/photos.app.goo.gl\/eyewGmx5BipPafw6A\" target=\"_blank\" rel=\"noopener\"><img loading=\"lazy\" width=\"300\" height=\"60\" src=\"https:\/\/www.uta.cl\/wp-content\/uploads\/2019\/05\/ver_galeria.jpg\" alt=\"\" class=\"wp-image-8828\"><\/a><\/figure>\n","protected":false},"excerpt":{"rendered":"<p>Encuentro cont\u00f3 con la participaci\u00f3n de directivos, acad\u00e9micos y estudiantes de las cohorte 2018 y 2019, para fortalecer el proceso del aseguramiento de la calidad de esta carrera para una futura acreditaci\u00f3n.<\/p>\n","protected":false},"author":3,"featured_media":11879,"comment_status":"open","ping_status":"open","sticky":false,"template":"","format":"standard","meta":[],"categories":[32,102],"tags":[],"_links":{"self":[{"href":"https:\/\/www.uta.cl\/index.php\/wp-json\/wp\/v2\/posts\/11878"}],"collection":[{"href":"https:\/\/www.uta.cl\/index.php\/wp-json\/wp\/v2\/posts"}],"about":[{"href":"https:\/\/www.uta.cl\/index.php\/wp-json\/wp\/v2\/types\/post"}],"author":[{"embeddable":true,"href":"https:\/\/www.uta.cl\/index.php\/wp-json\/wp\/v2\/users\/3"}],"replies":[{"embeddable":true,"href":"https:\/\/www.uta.cl\/index.php\/wp-json\/wp\/v2\/comments?post=11878"}],"version-history":[{"count":1,"href":"https:\/\/www.uta.cl\/index.php\/wp-json\/wp\/v2\/posts\/11878\/revisions"}],"predecessor-version":[{"id":29701,"href":"https:\/\/www.uta.cl\/index.php\/wp-json\/wp\/v2\/posts\/11878\/revisions\/29701"}],"wp:featuredmedia":[{"embeddable":true,"href":"https:\/\/www.uta.cl\/index.php\/wp-json\/wp\/v2\/media\/11879"}],"wp:attachment":[{"href":"https:\/\/www.uta.cl\/index.php\/wp-json\/wp\/v2\/media?parent=11878"}],"wp:term":[{"taxonomy":"category","embeddable":true,"href":"https:\/\/www.uta.cl\/index.php\/wp-json\/wp\/v2\/categories?post=11878"},{"taxonomy":"post_tag","embeddable":true,"href":"https:\/\/www.uta.cl\/index.php\/wp-json\/wp\/v2\/tags?post=11878"}],"curies":[{"name":"wp","href":"https:\/\/api.w.org\/{rel}","templated":true}]}}