{"id":11874,"date":"2019-05-10T18:38:44","date_gmt":"2019-05-10T18:38:44","guid":{"rendered":"https:\/\/www.uta.cl\/tutores-pares-de-la-sede-iquique-se-capacitan-en-el-desarrollo-de\/web\/2019-05-10\/183844.html"},"modified":"2019-05-10T18:38:44","modified_gmt":"2019-05-10T18:38:44","slug":"tutores-pares-de-la-sede-iquique-se-capacitan-en-el-desarrollo-de","status":"publish","type":"post","link":"https:\/\/www.uta.cl\/index.php\/2019\/05\/10\/tutores-pares-de-la-sede-iquique-se-capacitan-en-el-desarrollo-de\/","title":{"rendered":"Tutores Pares de la Sede Iquique se capacitan en el desarrollo de competencias transversales"},"content":{"rendered":"\n<p style=\"text-align: justify;\"><img loading=\"lazy\" alt=\"Imagen foto_00000002\" class=\"fotodrag\" height=\"239\" id=\"foto_00000002\" src=\"\/web\/site\/artic\/20190510\/imag\/foto_0000000220190510183844.jpg\" style=\"float: left; margin-left: 10px; margin-right: 10px;\" width=\"359\" data-w=\"700\" data-h=\"467\" \/>Intensas jornadas de capacitaci\u00f3n fue la que tuvieron el equipo del Programa de Tutores Pares de la Sede Iquique de la Universidad de Tarapac\u00e1, dado que participaron de una serie de din\u00e1micos e interesantes talleres, los que apuntaban al desarrollo de competencias transversales, tomando en consideraci\u00f3n la importante labor que realizan, ya que son quienes brindan un apoyo integral a los estudiantes de reciente ingreso.<\/p>\n<p style=\"text-align: justify;\">El trabajo desarrollado con los tutores result\u00f3 satisfactorio y as\u00ed lo destacaron los relatores, quienes destacaron la gran disposici\u00f3n, compromiso y entrega en las actividades. De esta manera los talleres realizados tuvieron como objetivo principal entregar estrategias did\u00e1cticas y de desarrollo personal a los Tutores Pares, permitiendo que realicen acciones en la Universidad de Tarapac\u00e1, con el fin de apoyar a sus compa\u00f1eros tutorados, pues fortalecen la labor que llevan a cabo en la Sede Iquique.<\/p>\n<p style=\"text-align: justify;\"><strong>TALLERES<\/strong><\/p>\n<p style=\"text-align: justify;\">El trabajo que se realiz\u00f3 con los Tutores fue bastante completo, ya que los talleres tocaron diferentes tem\u00e1ticas concernientes a la labor tutorial como: Comunicaci\u00f3n Efectiva y Trabajo en Equipo, Generando H\u00e1bitos de Estudio y Tolerancia a la Frustraci\u00f3n y Resoluci\u00f3n de Conflictos en la Universidad. Mientras que, adem\u00e1s asistieron a un taller informativo respecto de los nuevos lineamientos del programa para este a\u00f1o 2019, se les inform\u00f3 sobre la caracterizaci\u00f3n universitaria y los resultados de la aplicaci\u00f3n de los test de habilidades. Mientras que tambi\u00e9n, fueron capacitados en el uso efectivo de la intranet y sistematizaci\u00f3n de datos.<\/p>\n<p style=\"text-align: justify;\"><img alt=\"Imagen foto_00000003\" class=\"fotodrag\" id=\"foto_00000003\" src=\"\/web\/site\/artic\/20190510\/imag\/foto_0000000320190510183844.jpg\" width=\"720\" data-w=\"900\" data-h=\"302\" \/><\/p>\n<p style=\"text-align: justify;\"><strong>IMPRESIONES<\/strong><\/p>\n<p style=\"text-align: justify;\">Para Christian Rivas Gonz\u00e1lez, profesional de la Direcci\u00f3n de Docencia y parte del Staff de relatores es sumamente importante este tipo de instancias, &#8220;Para nosotros es fundamental el trabajo que realizan los tutores pares, entendiendo que son ellos quienes vinculan directamente a los estudiantes de reciente ingreso con la universidad&#8221;, sostuvo.<\/p>\n<p style=\"text-align: justify;\">Rivas sobre lo mismo, recalc\u00f3 sobre la importancia del rol de los tutores he hizo alusi\u00f3n al cambiante mercado laboral y las nuevas exigencias que este establece. &#8220;Hoy en d\u00eda estar en posesi\u00f3n de un t\u00edtulo profesional es una herramienta que facilita ampliamente el acceso y mantenci\u00f3n en el mercado laboral, no obstante, no es solo eso, puesto que el profesional que demanda el contexto social actual es una persona llena de competencias que favorezcan el desarrollo de las organizaciones, siendo esta instancia de perfeccionamiento un aporte de dichas competencias y por ende para conseguir el mencionado objetivo&#8221; cerr\u00f3.<\/p>\n<p style=\"text-align: justify;\"><img alt=\"Imagen foto_00000004\" class=\"fotodrag\" id=\"foto_00000004\" src=\"\/web\/site\/artic\/20190510\/imag\/foto_0000000420190510183844.jpg\" width=\"720\" data-w=\"900\" data-h=\"302\" \/><\/p>\n<p style=\"text-align: justify;\">Por su parte, la coordinadora del Programa Integral de Tutores Pares Gricelda L\u00f3pez P\u00e9rez, realiz\u00f3 un positivo balance de las actividades desarrolladas con los tutores en la sede Iquique, adem\u00e1s cont\u00f3 que para una mejor implementaci\u00f3n del programa se han realizado cambios y mejoras, y adem\u00e1s destac\u00f3 la incorporaci\u00f3n de la profesional Andrea Cifuentes, c\u00f3mo facilitadora del programa en la sede Iquique y las acciones que se deben desarrollar. &#8220;Tuvimos un resultado positivo en cuanto al compromiso adquirido por los tutores, tanto los nuevos como los antiguos, lo que se reflej\u00f3 en el considerable aumento de los estudiantes que quisieron postular para ser Tutor Par este semestre. Tambi\u00e9n logramos homologar las actividades de perfeccionamiento para ambas sedes y por otra parte pudimos evidenciar el compromiso de los jefes de carrera, quienes han mostrado su inter\u00e9s y prestado su apoyo a las labores que los tutores han estado realizando&#8221;, relat\u00f3.<\/p>\n<p style=\"text-align: justify;\"><img alt=\"Imagen foto_00000001\" class=\"fotodrag\" id=\"foto_00000001\" src=\"\/web\/site\/artic\/20190510\/imag\/foto_0000000120190510183844.jpg\" width=\"720\" data-w=\"900\" data-h=\"302\" \/><\/p>\n","protected":false},"excerpt":{"rendered":"<p>Talleres fueron realizados por los profesionales del \u00c1rea de Apoyo al Estudiante de la Direcci\u00f3n de Docencia<\/p>\n","protected":false},"author":3,"featured_media":11875,"comment_status":"open","ping_status":"open","sticky":false,"template":"","format":"standard","meta":[],"categories":[],"tags":[],"_links":{"self":[{"href":"https:\/\/www.uta.cl\/index.php\/wp-json\/wp\/v2\/posts\/11874"}],"collection":[{"href":"https:\/\/www.uta.cl\/index.php\/wp-json\/wp\/v2\/posts"}],"about":[{"href":"https:\/\/www.uta.cl\/index.php\/wp-json\/wp\/v2\/types\/post"}],"author":[{"embeddable":true,"href":"https:\/\/www.uta.cl\/index.php\/wp-json\/wp\/v2\/users\/3"}],"replies":[{"embeddable":true,"href":"https:\/\/www.uta.cl\/index.php\/wp-json\/wp\/v2\/comments?post=11874"}],"version-history":[{"count":0,"href":"https:\/\/www.uta.cl\/index.php\/wp-json\/wp\/v2\/posts\/11874\/revisions"}],"wp:featuredmedia":[{"embeddable":true,"href":"https:\/\/www.uta.cl\/index.php\/wp-json\/wp\/v2\/media\/11875"}],"wp:attachment":[{"href":"https:\/\/www.uta.cl\/index.php\/wp-json\/wp\/v2\/media?parent=11874"}],"wp:term":[{"taxonomy":"category","embeddable":true,"href":"https:\/\/www.uta.cl\/index.php\/wp-json\/wp\/v2\/categories?post=11874"},{"taxonomy":"post_tag","embeddable":true,"href":"https:\/\/www.uta.cl\/index.php\/wp-json\/wp\/v2\/tags?post=11874"}],"curies":[{"name":"wp","href":"https:\/\/api.w.org\/{rel}","templated":true}]}}