{"id":11872,"date":"2019-05-10T18:46:37","date_gmt":"2019-05-10T18:46:37","guid":{"rendered":"https:\/\/www.uta.cl\/par-explora-da-inicio-a-sus-actividades\/web\/2019-05-10\/184637.html"},"modified":"2019-05-10T18:46:37","modified_gmt":"2019-05-10T18:46:37","slug":"par-explora-da-inicio-a-sus-actividades","status":"publish","type":"post","link":"https:\/\/www.uta.cl\/index.php\/2019\/05\/10\/par-explora-da-inicio-a-sus-actividades\/","title":{"rendered":"PAR Explora da inicio a sus actividades"},"content":{"rendered":"\n<p style=\"text-align: justify;\"><img loading=\"lazy\" alt=\"Imagen foto_00000001\" class=\"fotodrag\" height=\"224\" id=\"foto_00000001\" src=\"\/web\/site\/artic\/20190510\/imag\/foto_0000000120190510184637.jpg\" style=\"float: left; margin-left: 10px; margin-right: 10px;\" width=\"336\" data-w=\"550\" data-h=\"367\" \/>Despu\u00e9s de tres a\u00f1os de permanente construcci\u00f3n de propuestas en torno a la ciencia regional y sus principales beneficiarios, los ni\u00f1os, ni\u00f1as y j\u00f3venes \u00e1vidos de nuevas experiencias en al \u00e1mbito educativo, es hora de hacer un recuento.<\/p>\n<p style=\"text-align: justify;\">El periodo de gesti\u00f3n 2016-2018 del PAR Explora Arica y Parinacota fu\u00e9 presentado por la directora del proyecto, Dra. M\u00f3nica Navarrete, este viernes y cont\u00f3 con la participaci\u00f3n de autoridades regionales, investigadores, profesores, educadoras, directores de Establecimientos y jefes de UTP.<\/p>\n<p style=\"text-align: justify;\">La directora Navarrete destac\u00f3 que se cierra un ciclo con saldo positivo, pues durante los tres a\u00f1os de proyecto, desarrollado por la Universidad de Tarapac\u00e1, se atendi\u00f3 a 80.608 usuarios en la regi\u00f3n, cifra que era impensada cuando t\u00edmidamente parti\u00f3 esta iniciativa a su mando el a\u00f1o 2016.<\/p>\n<p style=\"text-align: justify;\">Adem\u00e1s del cierre del PAR Explora se di\u00f3 a conocer el inicio del nuevo ciclo 2019-2020 con nuevas propuestas de colaboraci\u00f3n y otras probadas y efectivas.<\/p>\n<p style=\"text-align: justify;\">A los asistentes se les entreg\u00f3 el libro &#8220;Recuento PAR Explora de CONICYT&#8221;, con datos del a\u00f1o 2016 &#8220;A\u00f1o de la Biomim\u00e9tica&#8221;; 2017 &#8220;A\u00f1o de los Oc\u00e9anos&#8221; y 2018 &#8220;A\u00f1o de los \u00bfPor Qu\u00e9?. Y la invitaci\u00f3n extensiva a quienes deseen continuar y sumarse al 2019, con el &#8220;A\u00f1o del Sol&#8221;, casi eterno en esta regi\u00f3n de la triple frontera de Chile.<\/p>\n<p style=\"text-align: center;\"><img alt=\"Imagen foto_00000002\" border=\"0\" class=\"fotodrag\" id=\"foto_00000002\" src=\"\/web\/site\/artic\/20190510\/imag\/foto_0000000220190510184637.jpg\" data-w=\"613\" data-h=\"792\" \/><\/p>\n","protected":false},"excerpt":{"rendered":"<p>Despu\u00e9s de tres a\u00f1os de permanente construcci\u00f3n de propuestas en torno a la ciencia regional y sus principales beneficiarios, los ni\u00f1os, ni\u00f1as y j\u00f3venes \u00e1vidos de nuevas experiencias en al \u00e1mbito educativo, es hora de hacer un recuento. El periodo de gesti\u00f3n 2016-2018 del PAR Explora Arica y Parinacota fu\u00e9 presentado por la directora del [&hellip;]<\/p>\n","protected":false},"author":3,"featured_media":11873,"comment_status":"open","ping_status":"open","sticky":false,"template":"","format":"standard","meta":[],"categories":[],"tags":[],"_links":{"self":[{"href":"https:\/\/www.uta.cl\/index.php\/wp-json\/wp\/v2\/posts\/11872"}],"collection":[{"href":"https:\/\/www.uta.cl\/index.php\/wp-json\/wp\/v2\/posts"}],"about":[{"href":"https:\/\/www.uta.cl\/index.php\/wp-json\/wp\/v2\/types\/post"}],"author":[{"embeddable":true,"href":"https:\/\/www.uta.cl\/index.php\/wp-json\/wp\/v2\/users\/3"}],"replies":[{"embeddable":true,"href":"https:\/\/www.uta.cl\/index.php\/wp-json\/wp\/v2\/comments?post=11872"}],"version-history":[{"count":0,"href":"https:\/\/www.uta.cl\/index.php\/wp-json\/wp\/v2\/posts\/11872\/revisions"}],"wp:featuredmedia":[{"embeddable":true,"href":"https:\/\/www.uta.cl\/index.php\/wp-json\/wp\/v2\/media\/11873"}],"wp:attachment":[{"href":"https:\/\/www.uta.cl\/index.php\/wp-json\/wp\/v2\/media?parent=11872"}],"wp:term":[{"taxonomy":"category","embeddable":true,"href":"https:\/\/www.uta.cl\/index.php\/wp-json\/wp\/v2\/categories?post=11872"},{"taxonomy":"post_tag","embeddable":true,"href":"https:\/\/www.uta.cl\/index.php\/wp-json\/wp\/v2\/tags?post=11872"}],"curies":[{"name":"wp","href":"https:\/\/api.w.org\/{rel}","templated":true}]}}