{"id":11870,"date":"2019-05-13T12:48:10","date_gmt":"2019-05-13T12:48:10","guid":{"rendered":"https:\/\/www.uta.cl\/investigacion-busca-relevar-origen-de-la-pascua-de-los-reyes\/web\/2019-05-13\/124810.html"},"modified":"2019-05-13T12:48:10","modified_gmt":"2019-05-13T12:48:10","slug":"investigacion-busca-relevar-origen-de-la-pascua-de-los-reyes","status":"publish","type":"post","link":"https:\/\/www.uta.cl\/index.php\/2019\/05\/13\/investigacion-busca-relevar-origen-de-la-pascua-de-los-reyes\/","title":{"rendered":"Investigaci\u00f3n busca relevar origen de la Pascua de los Reyes"},"content":{"rendered":"\n<p style=\"text-align: justify;\"><img loading=\"lazy\" alt=\"Imagen foto_00000001\" class=\"fotodrag\" height=\"251\" id=\"foto_00000001\" src=\"\/web\/site\/artic\/20190513\/imag\/foto_0000000120190513124810.jpg\" style=\"float: left; margin-left: 10px; margin-right: 10px;\" width=\"358\" data-w=\"814\" data-h=\"573\" \/>El Ministerio de las Culturas, las Artes y el Patrimonio y la Universidad de Tarapac\u00e1 (UTA) firmaron un convenio para integrar a un grupo de comunidades ind\u00edgenas en la participaci\u00f3n de la puesta en valor y en el proceso de investigaci\u00f3n de sus propias tradiciones. El convenio se ejecuta desde inicios del presente a\u00f1o e involucra a comunidades originarias de Pica, Huara, Pozo Almonte, Colchane y Alto Hospicio.<\/p>\n<p style=\"text-align: justify;\">Los comuneros se han reunido con el equipo transdisciplinario de investigadores de la UTA para definir su objeto de estudio, el que var\u00eda de acuerdo con la elecci\u00f3n de cada comunidad.<\/p>\n<p style=\"text-align: justify;\">Adem\u00e1s, esperan aportar datos basados en su memoria oral y sistematizar la informaci\u00f3n, la que ser\u00e1 posteriormente analizada por los profesionales y entregada a las comunidades en libros.<\/p>\n<p style=\"text-align: justify;\">Estudios<\/p>\n<p style=\"text-align: justify;\">En el caso de Pica y Matilla, en la comuna de Pica, se determin\u00f3 investigar la Pascua de los Negros o Pascua de Reyes, que es festejada cada a\u00f1o durante el 6 de enero.<\/p>\n<p style=\"text-align: justify;\">La Pascua de Reyes o Negros es una tradici\u00f3n t\u00edpica de la Regi\u00f3n de Tarapac\u00e1 que posee sus propios cantos, pasos de bailes (zapateo), gastronom\u00eda (chocolate caliente, ponche y reposter\u00eda) y pr\u00e1cticas tradicionales (creaci\u00f3n de elaborados pesebres y cantos de casa en casa).<\/p>\n<p style=\"text-align: justify;\">El doctor Franco Daponte, music\u00f3logo de la Universidad de Tarapac\u00e1 y quien lidera la investigaci\u00f3n en Pica y Matilla, precis\u00f3 que el convenio se realiza &#8220;en el contexto del compromiso de la UTA con el Patrimonio Inmaterial de los pueblos originarios de la regi\u00f3n&#8221;.<\/p>\n<p style=\"text-align: justify;\">&#8220;Lo interesante de la Pascua de Reyes es que es una de las pocas manifestaciones, junto con la de Las Cruces, que ha pervivido desde hace mucho tiempo en su formato colonial y que, en el an\u00e1lisis de las letras de sus cantos, da cuenta de la organizaci\u00f3n de castas pre republicana de la \u00e9poca, as\u00ed como de las aspiraciones de estos grupos, que eran esencialmente negros esclavos, espa\u00f1oles e ind\u00edgenas&#8221;, indic\u00f3 el investigador.<\/p>\n<p style=\"text-align: justify;\">Comuneros<\/p>\n<p style=\"text-align: justify;\">Tal como lo considera el convenio, en las indagatorias hist\u00f3ricas tambi\u00e9n han participado los propios representantes del mundo ind\u00edgena.<\/p>\n<p style=\"text-align: justify;\">Juan Lema, matillano de la comunidad quechua, quien tambi\u00e9n ha formado parte de las actividades sobre investigaci\u00f3n de la Pascua de Negros, valor\u00f3 la iniciativa en tanto &#8220;nos va a dejar una ense\u00f1anza para la posteridad y para el presente; para quienes vienen atr\u00e1s de nosotros y para nosotros mismos&#8221;.<\/p>\n<p style=\"text-align: justify;\">La modalidad de trabajo considera que las comunidades ind\u00edgenas entreguen informaci\u00f3n a los investigadores de la UTA, quienes les devuelven interpretaciones acad\u00e9micas que los comuneros desconoc\u00edan, por ejemplo, sobre lo que cantaban durante la tradicional festividad.<\/p>\n<p style=\"text-align: justify;\">Jorge Moya, tambi\u00e9n de la comunidad quechua, asegur\u00f3 que &#8220;esta es una actividad muy importante y valiosa para los matillanos, toda vez que tenemos un gran patrimonio inmaterial que mostrar. El trabajo que viene haciendo la UTA con nosotros es tremendamente importante y es un impulso para seguir manteniendo vivas nuestras tradiciones&#8221;.<\/p>\n<p style=\"text-align: justify;\">6 de enero de cada a\u00f1o se realiza la Pascua de los Negros o Pascua de Reyes en Pica y Matilla.<\/p>\n","protected":false},"excerpt":{"rendered":"<p>Comunidades e investigadores de la Universidad de Tarapac\u00e1 trabajan en el rescate de saberes ancestrales<\/p>\n","protected":false},"author":3,"featured_media":11871,"comment_status":"open","ping_status":"open","sticky":false,"template":"","format":"standard","meta":[],"categories":[],"tags":[],"_links":{"self":[{"href":"https:\/\/www.uta.cl\/index.php\/wp-json\/wp\/v2\/posts\/11870"}],"collection":[{"href":"https:\/\/www.uta.cl\/index.php\/wp-json\/wp\/v2\/posts"}],"about":[{"href":"https:\/\/www.uta.cl\/index.php\/wp-json\/wp\/v2\/types\/post"}],"author":[{"embeddable":true,"href":"https:\/\/www.uta.cl\/index.php\/wp-json\/wp\/v2\/users\/3"}],"replies":[{"embeddable":true,"href":"https:\/\/www.uta.cl\/index.php\/wp-json\/wp\/v2\/comments?post=11870"}],"version-history":[{"count":0,"href":"https:\/\/www.uta.cl\/index.php\/wp-json\/wp\/v2\/posts\/11870\/revisions"}],"wp:featuredmedia":[{"embeddable":true,"href":"https:\/\/www.uta.cl\/index.php\/wp-json\/wp\/v2\/media\/11871"}],"wp:attachment":[{"href":"https:\/\/www.uta.cl\/index.php\/wp-json\/wp\/v2\/media?parent=11870"}],"wp:term":[{"taxonomy":"category","embeddable":true,"href":"https:\/\/www.uta.cl\/index.php\/wp-json\/wp\/v2\/categories?post=11870"},{"taxonomy":"post_tag","embeddable":true,"href":"https:\/\/www.uta.cl\/index.php\/wp-json\/wp\/v2\/tags?post=11870"}],"curies":[{"name":"wp","href":"https:\/\/api.w.org\/{rel}","templated":true}]}}