{"id":11868,"date":"2019-05-13T16:16:34","date_gmt":"2019-05-13T16:16:34","guid":{"rendered":"https:\/\/www.uta.cl\/cd-regional-lanza-coleccion-de-5-ediciones-libros-producto-de-la-ii\/web\/2019-05-13\/161634.html"},"modified":"2019-05-13T16:16:34","modified_gmt":"2019-05-13T16:16:34","slug":"cd-regional-lanza-coleccion-de-5-ediciones-libros-producto-de-la-ii","status":"publish","type":"post","link":"https:\/\/www.uta.cl\/index.php\/2019\/05\/13\/cd-regional-lanza-coleccion-de-5-ediciones-libros-producto-de-la-ii\/","title":{"rendered":"CD Regional lanza colecci\u00f3n de 5 ediciones libros producto de la II Jornada de Reflexi\u00f3n Docente"},"content":{"rendered":"\n<p style=\"text-align: justify;\"><img loading=\"lazy\" alt=\"Imagen foto_00000004\" class=\"fotodrag\" height=\"300\" id=\"foto_00000004\" src=\"\/web\/site\/artic\/20190513\/imag\/foto_0000000420190513161634.jpg\" style=\"margin-left: 10px; margin-right: 10px; float: left;\" width=\"200\" data-w=\"360\" data-h=\"540\" \/>Este martes 7 de mayo y en el marco de la realizaci\u00f3n de la ceremonia &#8220;Uniendo lazos entre la Universidad de Tarapac\u00e1 y la Red Escolar Regional&#8221; y a trav\u00e9s del Convenio de Desempe\u00f1o Regional UTA1401 denominado: &#8220;Modelo de articulaci\u00f3n estrat\u00e9gica territorial: fortaleciendo las capacidades de gesti\u00f3n y retenci\u00f3n del capital humano de la regi\u00f3n de Arica y Parinacota en una relaci\u00f3n bidireccional Universidad \u2013 Comunidad Regional&#8221;, se realiz\u00f3 el martes 7 de mayo, el lanzamiento de 5 vol\u00famenes de la colecci\u00f3n de la II Jornada de Reflexi\u00f3n Docente realizada el 2017, denominada &#8220;El rol de los Docentes en compromiso con su regi\u00f3n&#8221;, en la cual participaron directivos y docentes de diferentes establecimientos educacionales pertenecientes a la Red Escolar Regional Yaticha\u00f1a y acad\u00e9micos y profesionales del \u00e1rea de educaci\u00f3n de la UTA.<\/p>\n<p style=\"text-align: justify;\">Durante la actividad el Vicerrector de Administraci\u00f3n y Finanzas y Director Ejecutivo del Convenio de Desempe\u00f1o Regional UTA 1401, Mg. \u00c1lvaro Palma Quiroz, expres\u00f3 que, &#8220;somos una Universidad estatal y por lo tanto, nos debemos a quienes aportan d\u00eda a d\u00eda con su trabajo a que esta Instituci\u00f3n exista. Por eso en la nueva Ley 21.094 que rige el destino de las universidades estatales establece en su misi\u00f3n el estrecho v\u00ednculo de la Instituci\u00f3n con su regi\u00f3n y los aportes concretos al desarrollo de la regi\u00f3n y del pa\u00eds. Es en este contexto, que la UTA desde hace largo tiempo viene adjudic\u00e1ndose diferentes fuentes de financiamiento dentro de ellas est\u00e1 el Convenio de Desempe\u00f1o y el Proyecto de Formaci\u00f3n Inicial Docente que est\u00e1n directamente vinculados y asociados con nuestra regi\u00f3n y con la educaci\u00f3n. Por ello, nuestra Universidad coadyuda directamente en fortalecer la educaci\u00f3n en nuestra regi\u00f3n y tambi\u00e9n, fortalecernos internamente en la formaci\u00f3n de nuestros futuros profesionales&#8221;.<\/p>\n<p style=\"text-align: justify;\"><img alt=\"Imagen foto_00000008\" class=\"fotodrag\" id=\"foto_00000008\" src=\"\/web\/site\/artic\/20190513\/imag\/foto_0000000820190513161634.jpg\" style=\"margin-left: 10px; margin-right: 10px; float: right;\" data-w=\"360\" data-h=\"240\" \/>&#8220;En este Convenio de Desempe\u00f1o Regional UTA1401 denominado: &#8220;Modelo de articulaci\u00f3n estrat\u00e9gica territorial: fortaleciendo las capacidades de gesti\u00f3n y retenci\u00f3n del capital humano de la regi\u00f3n de Arica y Parinacota en una relaci\u00f3n bidireccional Universidad \u2013 Comunidad Regional&#8221; que me toc\u00f3 dirigir y que se encuentra en su etapa final, hemos realizado grandes acciones y que han buscado como objetivo central lograr que nuestros profesionales que est\u00e1n en proceso de formaci\u00f3n logren identidad con su regi\u00f3n y adquieran conocimientos y competencias que vayan en favor del desarrollo de nuestra regi\u00f3n; con el objeto de que el d\u00eda de ma\u00f1ana, una vez transformados en profesionales, no emigren de la regi\u00f3n al centro del pa\u00eds, por ejemplo, buscando alternativas, si no que las encuentren aqu\u00ed. Por ello, se han realizado una serie de programas, perfeccionamiento, capacitaciones y cursos que han vinculado a nuestros profesionales con instituciones p\u00fablicas regionales, en las cuales han logrado desarrollar pasant\u00edas laborales como tambi\u00e9n han desarrollado sus tesis para obtener sus t\u00edtulos profesionales en diferentes reparticiones&#8221;, puntualiz\u00f3 \u00c1lvaro Palma, Director Ejecutivo del CD Regional.<\/p>\n<p style=\"text-align: justify;\"><img loading=\"lazy\" alt=\"Imagen foto_00000015\" class=\"fotodrag\" height=\"375\" id=\"foto_00000015\" src=\"\/web\/site\/artic\/20190513\/imag\/foto_0000001520190513161634.jpg\" style=\"float: left; margin-left: 10px; margin-right: 10px;\" width=\"250\" data-w=\"360\" data-h=\"540\" \/>La colecci\u00f3n contempla 5 libros titulados:<br \/>&#8211; Liderazgo y gesti\u00f3n directiva efectiva en la frontera norte de Chile: Buenas pr\u00e1cticas y percepci\u00f3n de los directores de escuelas y colegios de la comuna de Arica para mejorar la calidad de la educaci\u00f3n.<br \/>&#8211; Inclusi\u00f3n escolar: una mirada desde las comunidades educativas de la ciudad de Arica. Buenas pr\u00e1cticas en pos de una educaci\u00f3n integral, inclusiva y de calidad.<br \/>&#8211; Educaci\u00f3n patrimonial regional y su importancia para los procesos de ense\u00f1anza aprendizaje en la frontera norte de Chile.<br \/>&#8211; El uso de los recursos tecnol\u00f3gicos y la innovaci\u00f3n did\u00e1ctica en las aulas de la frontera norte de Chile.<br \/>&#8211; Educaci\u00f3n intercultural en las escuelas de Arica y Parinacota. Nociones, desaf\u00edos y buenas pr\u00e1cticas.<\/p>\n<p style=\"text-align: justify;\">La jornada prosigui\u00f3 con la entrega de la colecci\u00f3n a cada uno de los representantes de cada mesa que particip\u00f3 en la II Jornada de Reflexi\u00f3n Docente. En esta oportunidad, el Director de Extensi\u00f3n y Vinculaci\u00f3n con el Medio y Presidente del Nodo &#8220;Formaci\u00f3n de capital humano con identidad regional&#8221; del Convenio de Desempe\u00f1o Regional UTA1401, Sergio Medina Para, hizo entrega al Director del Colegio Mar\u00eda Montessori y representante de la Mesa 1 &#8220;Liderazgo y gesti\u00f3n directiva en los establecimientos educacionales de Arica&#8221;, Jorge Y\u00e1\u00f1ez Castro y al Director del Colegio Ford College y representante de la Mesa 2 &#8220;La Ley de Inclusi\u00f3n y sus efectos en las Instituciones Escolares, Guido Rivera Robles.<\/p>\n<p style=\"text-align: justify;\">En tanto, el Vicerrector de Administraci\u00f3n y Finanzas, \u00c1lvaro Palma Quiroz, entreg\u00f3 la colecci\u00f3n al Jefe de Unidad T\u00e9cnico-Pedag\u00f3gica del Colegio Arica College y representante de la Mesa 3 &#8220;Educaci\u00f3n Patrimonial Regional y su importancia para los procesos de ense\u00f1anza y aprendizaje&#8221;, Orlando Fuentes Estay; a la Jefa de la Unidad T\u00e9cnico-Pedag\u00f3gica del Colegio Chile Norte y representante de la Mesa 4 &#8220;Educaci\u00f3n intercultural para la diversidad regional&#8221;, Mar\u00eda Burgos \u00c1lvarez y, a la Jefa de la Unidad T\u00e9cnico-Pedag\u00f3gica del Colegio Miramar y representante de la Mesa 5 &#8220;El uso de los recursos tecnol\u00f3gicos y la innovaci\u00f3n did\u00e1ctica en las aulas regionales&#8221;, Ingrid Rousseau Amigo.<\/p>\n<p style=\"text-align: justify;\"><strong>Jornada de Reflexi\u00f3n Docente<\/strong><\/p>\n<p style=\"text-align: justify;\"><img alt=\"Imagen foto_00000013\" class=\"fotodrag\" id=\"foto_00000013\" src=\"\/web\/site\/artic\/20190513\/imag\/foto_0000001320190513161634.jpg\" style=\"margin-left: 10px; margin-right: 10px; float: left;\" data-w=\"360\" data-h=\"240\" \/>La Jornada de Reflexi\u00f3n Docente se enmarca en el Convenio de Desempe\u00f1o Regional UTA1401 denominado: &#8220;Modelo de articulaci\u00f3n estrat\u00e9gica territorial: fortaleciendo las capacidades de gesti\u00f3n y retenci\u00f3n del capital humano de la regi\u00f3n de Arica y Parinacota en una relaci\u00f3n bidireccional Universidad \u2013 Comunidad Regional&#8221; liderado por la Universidad de Tarapac\u00e1 y que tuvo por finalidad realizar un levantamiento de informaci\u00f3n respecto a las principales problem\u00e1ticas regionales en educaci\u00f3n y el rol de los estudiantes como futuro capital humano en el desarrollo de la regi\u00f3n.<\/p>\n<p> <\/p>\n","protected":false},"excerpt":{"rendered":"<p>Durante la actividad, realizada en los salones de eventos del Hotel Antay, se hizo entrega simb\u00f3lica a los cinco representantes de las mesas de trabajo que participaron en la II Jornada de Reflexi\u00f3n Docente realizada el 30 de noviembre de 2017. <\/p>\n","protected":false},"author":3,"featured_media":11869,"comment_status":"open","ping_status":"open","sticky":false,"template":"","format":"standard","meta":[],"categories":[],"tags":[],"_links":{"self":[{"href":"https:\/\/www.uta.cl\/index.php\/wp-json\/wp\/v2\/posts\/11868"}],"collection":[{"href":"https:\/\/www.uta.cl\/index.php\/wp-json\/wp\/v2\/posts"}],"about":[{"href":"https:\/\/www.uta.cl\/index.php\/wp-json\/wp\/v2\/types\/post"}],"author":[{"embeddable":true,"href":"https:\/\/www.uta.cl\/index.php\/wp-json\/wp\/v2\/users\/3"}],"replies":[{"embeddable":true,"href":"https:\/\/www.uta.cl\/index.php\/wp-json\/wp\/v2\/comments?post=11868"}],"version-history":[{"count":0,"href":"https:\/\/www.uta.cl\/index.php\/wp-json\/wp\/v2\/posts\/11868\/revisions"}],"wp:featuredmedia":[{"embeddable":true,"href":"https:\/\/www.uta.cl\/index.php\/wp-json\/wp\/v2\/media\/11869"}],"wp:attachment":[{"href":"https:\/\/www.uta.cl\/index.php\/wp-json\/wp\/v2\/media?parent=11868"}],"wp:term":[{"taxonomy":"category","embeddable":true,"href":"https:\/\/www.uta.cl\/index.php\/wp-json\/wp\/v2\/categories?post=11868"},{"taxonomy":"post_tag","embeddable":true,"href":"https:\/\/www.uta.cl\/index.php\/wp-json\/wp\/v2\/tags?post=11868"}],"curies":[{"name":"wp","href":"https:\/\/api.w.org\/{rel}","templated":true}]}}