{"id":11866,"date":"2019-05-13T16:58:46","date_gmt":"2019-05-13T16:58:46","guid":{"rendered":"https:\/\/www.uta.cl\/uta-y-unidades-educativas-de-las-regiones-de-arica-y-parinacota-y\/web\/2019-05-13\/165846.html"},"modified":"2019-05-13T16:58:46","modified_gmt":"2019-05-13T16:58:46","slug":"uta-y-unidades-educativas-de-las-regiones-de-arica-y-parinacota-y","status":"publish","type":"post","link":"https:\/\/www.uta.cl\/index.php\/2019\/05\/13\/uta-y-unidades-educativas-de-las-regiones-de-arica-y-parinacota-y\/","title":{"rendered":"UTA y unidades educativas de las regiones de Arica y Parinacota y Tarapac\u00e1, formalizan Red Escolar Regional Yaticha\u00f1a"},"content":{"rendered":"\n<p style=\"text-align: justify;\"><img alt=\"Imagen foto_00000004\" class=\"fotodrag\" id=\"foto_00000004\" src=\"\/web\/site\/artic\/20190513\/imag\/foto_0000000420190513165846.jpg\" style=\"margin-left: 10px; margin-right: 10px; float: left;\" data-w=\"360\" data-h=\"240\" \/>En el marco del Plan de Implementaci\u00f3n de Formaci\u00f3n Inicial Docente UTA1856, &#8220;Vinculaci\u00f3n, Fortalecimiento Acad\u00e9mico e Investigaci\u00f3n: Un enfoque en red nacional en la FID- UTA&#8221;, el martes 7 de mayo, se realiz\u00f3 la ceremonia &#8220;Uniendo lazos entre la Universidad de Tarapac\u00e1 y la Red Escolar Regional&#8221;, instancia en la cual 47 establecimientos educacionales de las regiones de Arica y Parinacota y Tarapac\u00e1 firmaron el acta de constituci\u00f3n de la Comunidad Escolar Regional Yaticha\u00f1a, que en lengua aymara significa &#8220;ense\u00f1ar&#8221;, y cuya tarea fundamental es trabajar junto a la Universidad de Tarapac\u00e1 mejorando la calidad de los estudiantes de liceos, escuelas y colegios que ingresen a las carreras de pedagog\u00eda que imparte esta Casa de Estudios Superiores.<\/p>\n<p style=\"text-align: justify;\">La ceremonia se inici\u00f3 con las palabras del Vicerrector Acad\u00e9mico, Dr. Alfonso D\u00edaz Aguad, quien present\u00f3 los objetivos y alcances logrados entre la Universidad de Tarapac\u00e1 y la Red Escolar Regional Yaticha\u00f1a y destac\u00f3 que dicha iniciativa, busca facilitar el desarrollo de investigaci\u00f3n de calidad en el \u00e1mbito pedag\u00f3gico entre investigadores de la UTA y profesores insertos en el medio educativo regional, por ejemplo, en temas tan relevantes como el mejoramiento integral de las pr\u00e1cticas docentes.<\/p>\n<p style=\"text-align: justify;\"><img alt=\"Imagen foto_00000006\" class=\"fotodrag\" id=\"foto_00000006\" src=\"\/web\/site\/artic\/20190513\/imag\/foto_0000000620190513165846.jpg\" style=\"margin-left: 10px; margin-right: 10px; float: right;\" data-w=\"360\" data-h=\"240\" \/>&#8220;El acto de constituci\u00f3n de la Red Yaticha\u00f1a, nos permite como Universidad cumplir con nuestros prop\u00f3sitos de mejora de los procesos de formaci\u00f3n inicial docente, reunir los talentos pedag\u00f3gicos en las salas de clases y establecer un trabajo conjunto con los profesores del sistema&#8221;, agreg\u00f3 el Vicerrector Acad\u00e9mico, Dr. Alfonso D\u00edaz Aguad.<\/p>\n<p style=\"text-align: justify;\">Asimismo, indic\u00f3 que, &#8220;el objetivo es que se contin\u00fae con las actividades propuestas y continuar con este v\u00ednculo entre la UTA y los colegios de la Red Yaticha\u00f1a tanto en Arica como en Iquique y Alto Hospicio, porque sabemos que como Instituci\u00f3n que la \u00fanica forma de poder ir mejorando nuestras pedagog\u00edas y podamos mantener la acreditaci\u00f3n ante la Comisi\u00f3n Nacional de Acreditaci\u00f3n (CNA), que seg\u00fan la Ley 20.129 este proceso es obligatorio para las carreras de pedagog\u00edas y Medicina&#8221;, precis\u00f3 el Vicerrector Acad\u00e9micos&#8221;.<\/p>\n<p style=\"text-align: justify;\"><img loading=\"lazy\" alt=\"Imagen foto_00000008\" class=\"fotodrag\" height=\"350\" id=\"foto_00000008\" src=\"\/web\/site\/artic\/20190513\/imag\/foto_0000000820190513165846.jpg\" style=\"margin-left: 10px; margin-right: 10px; float: left;\" width=\"233\" data-w=\"360\" data-h=\"540\" \/>Por su parte, la Seremi de Educaci\u00f3n, Lorena Ventura V\u00e1squez, entreg\u00f3 una mirada regional sobre la vinculaci\u00f3n efectiva realizada a trav\u00e9s de la Red Escolar Yaticha\u00f1a. &#8220;la vinculaci\u00f3n que realiza la UTA al formar a muchos docentes de nuestra regi\u00f3n y al trabajar en conjunto con los docentes y directores de nuestras escuelas de la regi\u00f3n es muy importante. El poder pesquisar en nuestros establecimientos a aquellos futuros docentes que van a guiar los destinos de nuestra regi\u00f3n y que esta Red Yaticha\u00f1a se haya extendido a otra regi\u00f3n como la de Tarapac\u00e1, es fundamental. Espero que se siga extendiendo esta Red y que se siga motivando a m\u00e1s colegios, liceos y escuelas&#8221;.<\/p>\n<p style=\"text-align: justify;\">&#8220;Para nosotros como Ministerio de Educaci\u00f3n resulta relevante que nuestros profesores est\u00e9n ligados a la UTA, una Universidad de renombre que no solo forma a profesionales sino adem\u00e1s forma a personas es fundamental. Felicito a la Universidad de Tarapac\u00e1 por este trabajo de muchos a\u00f1os y espero que a futuro siga progresando esta Red Escolar Regional&#8221;, expres\u00f3 la Seremi de Educaci\u00f3n.<\/p>\n<p style=\"text-align: justify;\">Durante la ceremonia plasmaron su r\u00fabrica, de parte de la Universidad de Tarapac\u00e1, el Vicerrector Acad\u00e9micos, Dr. Alfonso D\u00edaz Aguad, el Director de Docencia, Dr. Carlos Leiva Sajuria, la Coordinadora de Proyectos Acad\u00e9micos, Mg. Liliana Hern\u00e1ndez Villaseca; el Decano de la Facultad de Educaci\u00f3n y Humanidades, Dr. Jorge Lagos Caama\u00f1o y el Decano de la Facultad de Ciencias, Dr. Hugo Bravo Azl\u00e1n.<\/p>\n<p style=\"text-align: justify;\">Posteriormente fue el turno de los 47 establecimientos educacionales que conforman la Red Escolar Regional Yaticha\u00f1a, como una forma de propiciar el v\u00ednculo efectivo entre la Universidad de Tarapac\u00e1 y el sistema escolar regional.<\/p>\n<p style=\"text-align: justify;\"><img alt=\"Imagen foto_00000010\" class=\"fotodrag\" id=\"foto_00000010\" src=\"\/web\/site\/artic\/20190513\/imag\/foto_0000001020190513165846.jpg\" style=\"margin-left: 10px; margin-right: 10px; float: right;\" data-w=\"360\" data-h=\"240\" \/>Para el Director de Docencia y Director del Centro Educar, Dr. Carlos Leiva Sajuria, quien cerr\u00f3 el encuentro, indic\u00f3 que, &#8220;es realmente un orgullo estar celebrando esta renovaci\u00f3n de la Red Yaticha\u00f1a y cuya funci\u00f3n es revelar la funci\u00f3n de la educaci\u00f3n y de nuestra Universidad, la cual cada d\u00eda m\u00e1s est\u00e1 participando como un pilar de un verdadero sistema educativo. Por ello, todos debemos colaborar en mejorar la calidad de la educaci\u00f3n y lo primero que debemos entender que la calidad tiene que ver con la integraci\u00f3n efectiva de todos los miembros del sistema educativo de nuestra regi\u00f3n&#8221;.<\/p>\n<p style=\"text-align: justify;\">Asimismo agradeci\u00f3 a todos los establecimientos educacionales integrantes de la Red Escolar Regional Yaticha\u00f1a por su participaci\u00f3n y su compromiso, &#8220;las aulas de la UTA est\u00e1n abiertas para todos, para seguir perfeccion\u00e1ndonos, seguir trabajando en conjunto y seguir ayudando a nuestros estudiantes&#8221;.<\/p>\n<p style=\"text-align: justify;\"><strong>Establecimientos Educacionales<\/strong><\/p>\n<p style=\"text-align: justify;\">Los establecimientos que reafirmaron su compromiso con el mejoramiento de la calidad de la educaci\u00f3n regional son los Colegios: Cardenal Ra\u00fal Silva Henr\u00edquez, Chile Norte, Adolfo Beyzaga Ovando, Alta Cordillera, Andino, Arica College, Cardenal Antonio Samor\u00e9, Ford College, Hispano, Integrado Eduardo Frei Montalva, Santa Ana, Juan Pablo II, Junior College, Leonardo Da Vinci, Mar\u00eda Montessori, Miramar, North American College, San Jorge, San Marcos de Arica, Saucache, Centenario Kronos (Alto Hospicio), Nirvana (Alto Hospicio), Ingl\u00e9s (Iquique), Metodista Robert Johnson (Alto Hospicio) y Colegio William Taylor.<\/p>\n<p><img alt=\"Imagen foto_00000012\" class=\"fotodrag\" id=\"foto_00000012\" src=\"\/web\/site\/artic\/20190513\/imag\/foto_0000001220190513165846.jpg\" style=\"margin-left: auto; margin-right: auto; vertical-align: middle; display: block;\" data-w=\"360\" data-h=\"240\" \/><\/p>\n<p style=\"text-align: justify;\"><\/p>\n<p style=\"text-align: justify;\">En tanto, las Escuelas son: Am\u00e9rica, D-24 Gabriela Mistral, D-10 Jos\u00e9 Miguel Carrera, D-18 Humberto Valenzuela, D-21 Tucapel, D-4 Rep\u00fablica de Israel, D-6 Rep\u00fablica de Francia, E-15 Ricardo Silva Arriagada y la escuela G-27 Ignacio Carrera Pinto.<\/p>\n<p style=\"text-align: justify;\">Los Liceos que conforman esta importante Red Escolar son: Antonio Varas de la Barra, Art\u00edstico Dr. Juan No\u00e9 Crevani, Bicentenario Jovina Naranjo Fern\u00e1ndez, Domingo Santa Mar\u00eda, Octavio Palma P\u00e9rez, Pablo Neruda, T\u00e9cnico Profesional de Adultos Pukara de Codpa, Agr\u00edcola, Huara, Putre y Liceo Comercial.<\/p>\n<p style=\"text-align: justify;\">El acta de constituci\u00f3n firmada establece tambi\u00e9n que se trabajar\u00e1 conjuntamente en pro del desarrollo de habilidades cognitivas y val\u00f3ricas que fortalezcan la vocaci\u00f3n pedag\u00f3gica en estudiantes de primero a cuarto medio de la ciudad de Arica, adem\u00e1s de facilitar el desarrollo de investigaci\u00f3n de calidad en temas educacionales y pedag\u00f3gicos, entre investigadores de la UTA y profesores insertos en el medio educacional regional.<\/p>\n\n\n\n<figure class=\"wp-block-image\"><a href=\"https:\/\/photos.app.goo.gl\/1aXYXpMva5FDmJLN8\" target=\"_blank\"><img loading=\"lazy\" width=\"300\" height=\"60\" src=\"https:\/\/www.uta.cl\/wp-content\/uploads\/2019\/05\/ver_galeria.jpg\" alt=\"\" class=\"wp-image-8828\"\/><\/a><\/figure>\n","protected":false},"excerpt":{"rendered":"<p>El objetivo es trabajar junto a la Universidad de Tarapac\u00e1 dentro de un margen de calidad que favorezca a los estudiantes de liceos, escuelas y colegios que ingresen a una de las carreras de pedagog\u00eda que imparte esta Casa de Estudios Superiores. <\/p>\n","protected":false},"author":3,"featured_media":11867,"comment_status":"open","ping_status":"open","sticky":false,"template":"","format":"standard","meta":[],"categories":[],"tags":[],"_links":{"self":[{"href":"https:\/\/www.uta.cl\/index.php\/wp-json\/wp\/v2\/posts\/11866"}],"collection":[{"href":"https:\/\/www.uta.cl\/index.php\/wp-json\/wp\/v2\/posts"}],"about":[{"href":"https:\/\/www.uta.cl\/index.php\/wp-json\/wp\/v2\/types\/post"}],"author":[{"embeddable":true,"href":"https:\/\/www.uta.cl\/index.php\/wp-json\/wp\/v2\/users\/3"}],"replies":[{"embeddable":true,"href":"https:\/\/www.uta.cl\/index.php\/wp-json\/wp\/v2\/comments?post=11866"}],"version-history":[{"count":0,"href":"https:\/\/www.uta.cl\/index.php\/wp-json\/wp\/v2\/posts\/11866\/revisions"}],"wp:featuredmedia":[{"embeddable":true,"href":"https:\/\/www.uta.cl\/index.php\/wp-json\/wp\/v2\/media\/11867"}],"wp:attachment":[{"href":"https:\/\/www.uta.cl\/index.php\/wp-json\/wp\/v2\/media?parent=11866"}],"wp:term":[{"taxonomy":"category","embeddable":true,"href":"https:\/\/www.uta.cl\/index.php\/wp-json\/wp\/v2\/categories?post=11866"},{"taxonomy":"post_tag","embeddable":true,"href":"https:\/\/www.uta.cl\/index.php\/wp-json\/wp\/v2\/tags?post=11866"}],"curies":[{"name":"wp","href":"https:\/\/api.w.org\/{rel}","templated":true}]}}