{"id":11864,"date":"2019-05-15T15:56:27","date_gmt":"2019-05-15T15:56:27","guid":{"rendered":"https:\/\/www.uta.cl\/con-miras-a-la-reacreditacion-2020-carrera-de-medicina-inicia-su\/web\/2019-05-15\/155627.html"},"modified":"2021-08-10T14:56:12","modified_gmt":"2021-08-10T14:56:12","slug":"con-miras-a-la-reacreditacion-2020-carrera-de-medicina-inicia-su","status":"publish","type":"post","link":"https:\/\/www.uta.cl\/index.php\/2019\/05\/15\/con-miras-a-la-reacreditacion-2020-carrera-de-medicina-inicia-su\/","title":{"rendered":"Con miras a la reacreditaci\u00f3n 2020, Carrera de Medicina inicia su proceso de Autoevaluaci\u00f3n"},"content":{"rendered":"\n<p><p style=\"text-align: justify;\"><img alt=\"Imagen foto_00000004\" class=\"fotodrag\" id=\"foto_00000004\" src=\"\/web\/site\/artic\/20190515\/imag\/foto_0000000420190515155627.jpg\" style=\"margin-left: 10px; margin-right: 10px; float: left;\" data-w=\"360\" data-h=\"240\">Importantes desaf\u00edos de la Carrera de Medicina de la Universidad de Tarapac\u00e1 deber\u00e1 enfrentar en el nuevo proceso de acreditaci\u00f3n ante la Comisi\u00f3n Nacional de Acreditaci\u00f3n (CNA), es por ello que el arduo trabajo realizado desde mediados del mes de abril de 2019 por la comisi\u00f3n de Autoevaluaci\u00f3n, es constante y profundo.<\/p>\n<p style=\"text-align: justify;\">La Dra. Vilma Mansilla Guevara, acad\u00e9mica de la Carrera de Medicina y presidenta de la Comisi\u00f3n de Autoevaluaci\u00f3n, expresa la firme voluntad de todos los integrantes de la comunidad universitaria de medicina para llevar nuevamente adelante este proceso de autoevaluaci\u00f3n, con la seguridad que sortear\u00e1n con \u00e9xito este nuevo desaf\u00edo que les permitir\u00e1 contar con su segunda acreditaci\u00f3n.<\/p>\n<p style=\"text-align: justify;\">&#8220;Nosotros iniciamos el segundo proceso de autoevaluaci\u00f3n a mediados del mes de abril, b\u00e1sicamente con lo que es el inicio de las encuestas a todos los alumnos de la. Posteriormente continuaremos con las encuestas a los docentes. Nosotros tenemos que volver a acreditarnos por ser carrera nueva sin egresados por tres a\u00f1os, por lo cual vence nuestra acreditaci\u00f3n en septiembre de 2020&#8221;, expres\u00f3 la presidenta de la Comisi\u00f3n de Autoevaluaci\u00f3n de la carrera de Medicina.<\/p>\n<p style=\"text-align: justify;\"><strong>Comit\u00e9 de Evaluaci\u00f3n<\/strong><\/p>\n<p style=\"text-align: justify;\"><img alt=\"Imagen foto_00000006\" class=\"fotodrag\" id=\"foto_00000006\" src=\"\/web\/site\/artic\/20190515\/imag\/foto_0000000620190515155627.jpg\" style=\"margin-left: 10px; margin-right: 10px; float: right;\" data-w=\"360\" data-h=\"239\">Seg\u00fan lo explicado por la Dra. Vilma Mansilla, todas las semanas se re\u00fanen junto al Director de Calidad Institucional, Dr. Hernando Bustos Andreu, quien forma parte del Comit\u00e9 de Autoevaluaci\u00f3n, para analizar y evaluar las encuestas y para posteriormente analizar cada uno de los \u00e1mbitos evaluados, debido a que actualmente se presentan nuevo criterios para evaluar las fortalezas y debilidades de la carrera de Medicina.<\/p>\n<p style=\"text-align: justify;\">Adem\u00e1s integran dicho comit\u00e9 la Directora del Departamento de la carrera de Medicina, Dra. Andrea Larraz\u00e1bal Miranda, la Jefa de Carrera, Dra. Adriana Sapiro Santalla, el Director de la Oficina de Educaci\u00f3n M\u00e9dica (OEM), Dr. Daniel Moraga Mu\u00f1oz, la enfermera Roc\u00edo Tapia Bast\u00edas y la Psic\u00f3loga Educacional Javiera Mu\u00f1oz Hurtado.<\/p>\n<p style=\"text-align: justify;\">En este sentido, la Dra. Mansilla agreg\u00f3 que, &#8220;elaboramos ya una Carta Gantt, la idea que en este mes de mayo, tengamos a todos los informantes, para iniciar el an\u00e1lisis cuantitativo de parte del Director de Calidad Institucional y posteriormente realizaremos el an\u00e1lisis cualitativo. Adem\u00e1s, desde el mes de octubre del a\u00f1o pasado estamos trabajando con asesor\u00eda externa con el Dr. Octavio Enr\u00edquez acad\u00e9mico de la Universidad Andr\u00e9s Bello y el Dr. Carlos Gonz\u00e1lez, acad\u00e9mico de la Universidad de Concepci\u00f3n, de destacada trayectoria en procesos de acreditaci\u00f3n y que han participado en varias acreditaciones de escuelas de medicina, por lo tanto, nos han ido retroalimentando con la finalidad de crear un plan de acci\u00f3n y para subsanar las deficiencias detectadas.<\/p>\n<p style=\"text-align: justify;\">De esta manera se mide el perfil de egreso, la estructura curricular, los resultados del proceso de formaci\u00f3n y la vinculaci\u00f3n con el medio; las condiciones de operaci\u00f3n, dentro de lo que se incluye la estructura organizacional, administrativa y financiera, los recursos humanos, la efectividad del proceso de ense\u00f1anza y aprendizaje, la infraestructura y el apoyo t\u00e9cnico y recursos para la ense\u00f1anza, para finalizar con el an\u00e1lisis de la capacidad de autorregulaci\u00f3n. Todo esto, basado en la misi\u00f3n institucional y los prop\u00f3sitos de la unidad acad\u00e9mica.<\/p>\n<p style=\"text-align: justify;\"><img alt=\"Imagen foto_00000008\" class=\"fotodrag\" id=\"foto_00000008\" src=\"\/web\/site\/artic\/20190515\/imag\/foto_0000000820190515155627.jpg\" style=\"float: left; margin-left: 10px; margin-right: 10px;\" data-w=\"360\" data-h=\"239\">En esta oportunidad, explic\u00f3 la Dra. Vilma Mansilla que se consideran 12 criterios, y las encuestas consideran criterio por criterio donde cada uno de ellos considera un par de preguntas la cual se centra en el aspecto de apreciaci\u00f3n que tiene el alumno y el acad\u00e9mico frente al prop\u00f3sito del perfil de egreso y al plan de estudio de la carrera con las competencias y resultados de aprendizajes que tributen a dicho perfil, es decir, demostrar a los pares evaluadores de c\u00f3mo nuestro perfil realmente se traduce en la docencia directa con los alumnos&#8221;.<\/p>\n<p style=\"text-align: justify;\">El informe de Autoevaluaci\u00f3n de la carrera de Medicina ser\u00e1 presentado en el mes de diciembre y se espera un excelente resultado ante el arduo trabajo que realiza la Comisi\u00f3n de Autoevaluaci\u00f3n de la carrera de Medicina de la Universidad de Tarapac\u00e1.<\/p><\/p>\n","protected":false},"excerpt":{"rendered":"<p>Debe acreditarse ante la Comisi\u00f3n Nacional de Acreditaci\u00f3n (CNA), que seg\u00fan la Ley 20.129 este proceso es obligatorio para las carreras de pedagog\u00edas y Medicina.<\/p>\n","protected":false},"author":3,"featured_media":11865,"comment_status":"open","ping_status":"open","sticky":false,"template":"","format":"standard","meta":[],"categories":[35,91],"tags":[],"_links":{"self":[{"href":"https:\/\/www.uta.cl\/index.php\/wp-json\/wp\/v2\/posts\/11864"}],"collection":[{"href":"https:\/\/www.uta.cl\/index.php\/wp-json\/wp\/v2\/posts"}],"about":[{"href":"https:\/\/www.uta.cl\/index.php\/wp-json\/wp\/v2\/types\/post"}],"author":[{"embeddable":true,"href":"https:\/\/www.uta.cl\/index.php\/wp-json\/wp\/v2\/users\/3"}],"replies":[{"embeddable":true,"href":"https:\/\/www.uta.cl\/index.php\/wp-json\/wp\/v2\/comments?post=11864"}],"version-history":[{"count":1,"href":"https:\/\/www.uta.cl\/index.php\/wp-json\/wp\/v2\/posts\/11864\/revisions"}],"predecessor-version":[{"id":31654,"href":"https:\/\/www.uta.cl\/index.php\/wp-json\/wp\/v2\/posts\/11864\/revisions\/31654"}],"wp:featuredmedia":[{"embeddable":true,"href":"https:\/\/www.uta.cl\/index.php\/wp-json\/wp\/v2\/media\/11865"}],"wp:attachment":[{"href":"https:\/\/www.uta.cl\/index.php\/wp-json\/wp\/v2\/media?parent=11864"}],"wp:term":[{"taxonomy":"category","embeddable":true,"href":"https:\/\/www.uta.cl\/index.php\/wp-json\/wp\/v2\/categories?post=11864"},{"taxonomy":"post_tag","embeddable":true,"href":"https:\/\/www.uta.cl\/index.php\/wp-json\/wp\/v2\/tags?post=11864"}],"curies":[{"name":"wp","href":"https:\/\/api.w.org\/{rel}","templated":true}]}}