{"id":11862,"date":"2019-05-16T09:09:53","date_gmt":"2019-05-16T09:09:53","guid":{"rendered":"https:\/\/www.uta.cl\/asdit-oficializo-su-postulacion-al-instituto-chileno-de-tecnologias\/web\/2019-05-16\/090953.html"},"modified":"2019-05-16T09:09:53","modified_gmt":"2019-05-16T09:09:53","slug":"asdit-oficializo-su-postulacion-al-instituto-chileno-de-tecnologias","status":"publish","type":"post","link":"https:\/\/www.uta.cl\/index.php\/2019\/05\/16\/asdit-oficializo-su-postulacion-al-instituto-chileno-de-tecnologias\/","title":{"rendered":"ASDIT oficializ\u00f3 su postulaci\u00f3n al Instituto Chileno de Tecnolog\u00edas Limpias"},"content":{"rendered":"\n<p style=\"text-align: justify;\">Como un hito para el futuro de la regi\u00f3n y del pa\u00eds, pues por primera vez en la historia estar\u00e1n disponibles 200 millones de d\u00f3lares para el progreso tecnol\u00f3gico en base a los recursos naturales, calificaron los integrantes de la Asociaci\u00f3n para el Desarrollo del Instituto de Tecnolog\u00edas Limpias, ASDIT, la firma del compromiso mediante el cual se oficializ\u00f3 la intenci\u00f3n de este conglomerado ante CORFO.<\/p>\n<p><img alt=\"Imagen foto_00000002\" border=\"0\" class=\"fotodrag\" id=\"foto_00000002\" src=\"\/web\/site\/artic\/20190516\/imag\/foto_0000000220190516090953.jpg\" style=\"display: block; margin-left: auto; margin-right: auto;\" data-w=\"650\" data-h=\"337\" \/><\/p>\n<p style=\"text-align: justify;\">La ASDIT est\u00e1 conformada por 11 universidades de Chile, la Asociaci\u00f3n de Industriales de Antofagasta, AIA, y la Corporaci\u00f3n Alta Ley, m\u00e1s una serie de socios internacionales y nacionales.<\/p>\n<p style=\"text-align: justify;\">&#8220;Tenemos una oportunidad hist\u00f3rica ante nosotros. Por primera vez en la historia de Chile un fondo de 200 millones de d\u00f3lares est\u00e1 a disposici\u00f3n de un grupo humano vers\u00e1til, como el que hemos logrado conformar nosotros para generar sustentabilidad definitiva de esta zona norte tan vapuleada por la historia&#8221;, se\u00f1al\u00f3 el presidente de la AIA, Marko Razmilic, presidente de la IA, durante la conferencia de prensa previa a la firma de la postulaci\u00f3n.<\/p>\n<p style=\"text-align: justify;\">Para el rector de la Universidad de Antofagasta, Luis Alberto Loyola, esta postulaci\u00f3n en cuanto a la cantidad de planteles superiores tras un mismo objetivo, &#8220;representa la oportunidad que tenemos de incidir en el desarrollo tecnol\u00f3gico de Chile, y por ende, en generar mejor calidad de vida para las personas. Logramos una propuesta s\u00f3lida que abarca los tres \u00e1mbitos estrat\u00e9gicos, como la energ\u00eda solar, la miner\u00eda de bajas emisiones y el desarrollo de materiales a partir del litio; \u00e1reas que por lo dem\u00e1s, ya ven\u00edamos desarrollando&#8221;.<\/p>\n<p style=\"text-align: justify;\">El centro ser\u00e1 financiado con recursos del aporte en I+D de SQM Salar, provenientes de sus contratos con CORFO para extender la producci\u00f3n de litio en el Salar de Atacama. El proceso de postulaci\u00f3n para organismos nacionales e internacionales tiene una etapa de requerimiento de informaci\u00f3n (RFI), que concluye el 20 de mayo, y una etapa de propuestas (RFP), que concluye el 23 de octubre.<\/p>\n<p style=\"text-align: justify;\">&#8220;Este proyecto fortalecer\u00e1 espec\u00edficamente el capital humano de las regiones, el cual, es fundamental para lograr el avance de nuestra regi\u00f3n, especialmente a trav\u00e9s de la generaci\u00f3n de programas de perfeccionamiento para los j\u00f3venes, lo que no s\u00f3lo ser\u00e1 un beneficio para ellos, sino que tambi\u00e9n potenciar\u00e1 el desarrollo industrial de las regiones que est\u00e1n participando&#8221;, sostuvo al respecto el rector de la UCN, Jorge Tabilo.<\/p>\n<p style=\"text-align: justify;\"><strong>Macro Zona<\/strong><\/p>\n<p style=\"text-align: justify;\">En esta jornada de oficializaci\u00f3n, estuvieron presentes los rectores de las universidades de Tarapac\u00e1 y de Atacama, con lo cual, qued\u00f3 evidente el alcance e impacto regional que tendr\u00eda la propuesta de ser aceptada. Ambas autoridades coincidieron en que con esta postulaci\u00f3n, m\u00e1s all\u00e1 del desarrollo tecnol\u00f3gico y sustentabilidad que conlleva, es una alternativa hist\u00f3rica para regionalizar el desarrollo cient\u00edfico de Chile.<\/p>\n<p style=\"text-align: justify;\">&#8220;Creemos que este es un tema fundamental sobre c\u00f3mo se conceptualiza el desarrollo del pa\u00eds; si es desde el centro o son las propias regiones aquellas que tienen la iniciativa de descubrir y crear conocimiento, y dise\u00f1ar el desarrollo sustentable desde las regiones, para las regiones y por las regiones&#8221;, sostuvo Emilio Rodr\u00edguez, rector de la Universidad de Tarapac\u00e1<\/p>\n<p style=\"text-align: justify;\">Por su parte, Celso Arias rector de la Universidad de Atacama, plante\u00f3 que &#8220;es fundamental la descentralizaci\u00f3n del conocimiento. Todos sabemos el comportamiento de la investigaci\u00f3n en nuestro pa\u00eds; sabemos que se concentra fundamentalmente en Santiago, y aqu\u00ed existe la gran posibilidad de que se genere capital humano avanzado de muy buena calidad&#8221;, precis\u00f3.<\/p>\n<p style=\"text-align: justify;\"><strong>ASDIT<\/strong><\/p>\n<p style=\"text-align: justify;\">La ASDIT est\u00e1 conformada por la Asociaci\u00f3n de Industriales de Antofagasta (AIA) junto a 11 casas de estudios superiores: Universidad de Antofagasta, Cat\u00f3lica del Norte, de Chile, Pontificia Cat\u00f3lica de Chile, de Santiago, T\u00e9cnica Federico Santa Mar\u00eda, de Atacama, de Tarapac\u00e1, de Talca, Pontificia Cat\u00f3lica de Valpara\u00edso y de Concepci\u00f3n.<\/p>\n<p style=\"text-align: justify;\">A este grupo se suma la Corporaci\u00f3n Alta Ley, instituci\u00f3n nacida bajo el alero del Ministerio de Miner\u00eda y CORFO.<\/p>\n<p><img alt=\"Imagen foto_00000001\" border=\"0\" class=\"fotodrag\" id=\"foto_00000001\" src=\"\/web\/site\/artic\/20190516\/imag\/foto_0000000120190516090953.jpg\" style=\"display: block; margin-left: auto; margin-right: auto;\" data-w=\"720\" data-h=\"480\" \/><\/p>\n<p><span style=\"text-decoration: underline;\">Fuente:<\/span> <a href=\"http:\/\/www.comunicacionesua.cl\/2019\/05\/15\/asdit-oficializo-su-postulacion-al-instituto-chileno-de-tecnologias-limpias\/?fbclid=IwAR1MHQjEFY1iBUgiCb7xglpG4YlgQ33rRccj5CAYWVuh40KZWozvrzDTZZo\" target=\"_blank\">http:\/\/www.comunicacionesua.cl\/2019\/05\/15\/asdit-oficializo-su-postulacion-al-instituto-chileno-de-tecnologias-limpias\/?fbclid=IwAR1MHQjEFY1iBUgiCb7xglpG4YlgQ33rRccj5CAYWVuh40KZWozvrzDTZZo<\/a><\/p>\n","protected":false},"excerpt":{"rendered":"<p>Como un hito para el futuro de la regi\u00f3n y del pa\u00eds, pues por primera vez en la historia estar\u00e1n disponibles 200 millones de d\u00f3lares para el progreso tecnol\u00f3gico en base a los recursos naturales, calificaron los integrantes de la Asociaci\u00f3n para el Desarrollo del Instituto de Tecnolog\u00edas Limpias, ASDIT, la firma del compromiso mediante [&hellip;]<\/p>\n","protected":false},"author":3,"featured_media":11863,"comment_status":"open","ping_status":"open","sticky":false,"template":"","format":"standard","meta":[],"categories":[],"tags":[],"_links":{"self":[{"href":"https:\/\/www.uta.cl\/index.php\/wp-json\/wp\/v2\/posts\/11862"}],"collection":[{"href":"https:\/\/www.uta.cl\/index.php\/wp-json\/wp\/v2\/posts"}],"about":[{"href":"https:\/\/www.uta.cl\/index.php\/wp-json\/wp\/v2\/types\/post"}],"author":[{"embeddable":true,"href":"https:\/\/www.uta.cl\/index.php\/wp-json\/wp\/v2\/users\/3"}],"replies":[{"embeddable":true,"href":"https:\/\/www.uta.cl\/index.php\/wp-json\/wp\/v2\/comments?post=11862"}],"version-history":[{"count":0,"href":"https:\/\/www.uta.cl\/index.php\/wp-json\/wp\/v2\/posts\/11862\/revisions"}],"wp:featuredmedia":[{"embeddable":true,"href":"https:\/\/www.uta.cl\/index.php\/wp-json\/wp\/v2\/media\/11863"}],"wp:attachment":[{"href":"https:\/\/www.uta.cl\/index.php\/wp-json\/wp\/v2\/media?parent=11862"}],"wp:term":[{"taxonomy":"category","embeddable":true,"href":"https:\/\/www.uta.cl\/index.php\/wp-json\/wp\/v2\/categories?post=11862"},{"taxonomy":"post_tag","embeddable":true,"href":"https:\/\/www.uta.cl\/index.php\/wp-json\/wp\/v2\/tags?post=11862"}],"curies":[{"name":"wp","href":"https:\/\/api.w.org\/{rel}","templated":true}]}}