{"id":11858,"date":"2019-05-16T11:20:04","date_gmt":"2019-05-16T11:20:04","guid":{"rendered":"https:\/\/www.uta.cl\/ocho-alumnos-y-un-academico-de-la-uta-reciben-el-beneficio-de-la-beca\/web\/2019-05-16\/112004.html"},"modified":"2019-05-16T11:20:04","modified_gmt":"2019-05-16T11:20:04","slug":"ocho-alumnos-y-un-academico-de-la-uta-reciben-el-beneficio-de-la-beca","status":"publish","type":"post","link":"https:\/\/www.uta.cl\/index.php\/2019\/05\/16\/ocho-alumnos-y-un-academico-de-la-uta-reciben-el-beneficio-de-la-beca\/","title":{"rendered":"Ocho alumnos y un acad\u00e9mico de la UTA reciben el beneficio de la Beca Internacional Santander"},"content":{"rendered":"\n<p style=\"text-align: justify;\"><img alt=\"Imagen foto_00000013\" class=\"fotodrag\" id=\"foto_00000013\" src=\"\/web\/site\/artic\/20190516\/imag\/foto_0000001320190516112004.jpg\" style=\"margin-left: 10px; margin-right: 10px; float: left;\" data-w=\"360\" data-h=\"303\" \/>Santander Universidades, a trav\u00e9s del Programa de Apoyo a la Educaci\u00f3n Superior, tiene como objetivo principal brindar los medios necesarios para impulsar el desarrollo social de la comunidad, fomentando as\u00ed la movilidad internacional de estudiantes y profesores, la investigaci\u00f3n y el emprendimiento. Es as\u00ed que este martes 14 de mayo, en una emotiva ceremonia, cinco alumnos y un acad\u00e9mico de la Universidad de Tarapac\u00e1, recibieron la Beca de Movilidad Iberoamericana de Banco Santander para Estudiantes de Pregrado y Joven Investigador y la Beca Internacional de Libre Elecci\u00f3n.<\/p>\n<p style=\"text-align: justify;\">Tal como a\u00f1os anteriores, \u00e9sta distinci\u00f3n permitir\u00e1 que los beneficiados realicen parte de sus estudios en el extranjero, cursando un semestre en universidades extranjeras de M\u00e9xico y Espa\u00f1a, brind\u00e1ndoles mayores oportunidades de estudio y perfeccionamiento y a la vez fortalecer la vinculaci\u00f3n internacional, tal como lo hicieron 48 estudiantes entre el 2011 y el 2018.<\/p>\n<p style=\"text-align: justify;\">El Rector (s)<img alt=\"Imagen foto_00000011\" class=\"fotodrag\" id=\"foto_00000011\" src=\"\/web\/site\/artic\/20190516\/imag\/foto_0000001120190516112004.jpg\" style=\"margin-left: 10px; margin-right: 10px; float: right;\" data-w=\"360\" data-h=\"240\" \/> de la Universidad de Tarapac\u00e1, Dr. Alfonso D\u00edaz Aguad, encabez\u00f3 la ceremonia expresando a los beneficiados que &#8220;la oportunidad que hoy ustedes se han ganado y muy merecidamente, es parte de nuestra misi\u00f3n y visi\u00f3n de entregarles como Casa de Estudios Superiores, una formaci\u00f3n integral que incluye el desarrollo de habilidades cuyo objetivo es abrirles las puertas al mundo, con oportunidades concretas de perfeccionamiento y vinculaci\u00f3n internacional, para que conozcan otras realidades y constituyan redes de colaboraci\u00f3n para poder proyectarse con mayor seguridad hacia el futuro e insertarse con reales posibilidades de \u00e9xito en el proceso de globalizaci\u00f3n que vive en forma creciente el mundo de hoy&#8221;.<\/p>\n<p style=\"text-align: justify;\">&#8220;Vaya mi profundo agradecimiento Banco Santander por confiar en nuestros alumnos y acad\u00e9micos, por entregarles una concreta posibilidad de desarrollo, la que muchas veces quedaba solo en sue\u00f1os, tomando en cuenta que la mayor\u00eda de nuestras matr\u00edculas, pertenecen a los tres quintiles m\u00e1s vulnerables de la poblaci\u00f3n, por lo que sin su apoyo, esto ser\u00eda imposible. En esta oportunidad son ocho estudiantes y un acad\u00e9mico quienes por un semestre en el extranjero podr\u00e1n conocer otras realidades y tendr\u00e1n experiencias inolvidables, lo cual es fundamental para su formaci\u00f3n profesional y en el caso del acad\u00e9mico, para la UTA es muy importante que pueda perfeccionarse principalmente en la l\u00ednea de la investigaci\u00f3n&#8221;, agreg\u00f3 el Rector (s) de la Universidad de Tarapac\u00e1.<\/p>\n<p style=\"text-align: justify;\"><img alt=\"Imagen foto_00000009\" class=\"fotodrag\" id=\"foto_00000009\" src=\"\/web\/site\/artic\/20190516\/imag\/foto_0000000920190516112004.jpg\" style=\"margin-left: 10px; margin-right: 10px; float: left;\" data-w=\"360\" data-h=\"240\" \/>En tanto, Jos\u00e9 Manuel Manzano, Gerente de Divisi\u00f3n Banca Empresas e Instituciones del Banco Santander, expres\u00f3 que &#8220;estamos muy contentos porque es una gran oportunidad de desarrollo de los alumnos, la oportunidad de vivir fuera de su pa\u00eds, de tener una experiencia en el extranjero y abrir horizontes, es sin duda una tremenda oportunidad y para nosotros es muy importante porque les permite progresar que es parte de nuestra misi\u00f3n. Al reconocer a un acad\u00e9mico, el poder apoyar a las universidades chilenas para que vayan mejorando es parte de este proceso y la entrega de la Beca Santander es un grano de arena porque ese acad\u00e9mico que regresa hace una mejor universidad&#8221;.<\/p>\n<p style=\"text-align: justify;\"><strong>BENEFICIADOS<\/strong><\/p>\n<p style=\"text-align: justify;\">En esta oportunidad se entregaron las Becas Iberoamericanas al acad\u00e9mico \u00c1lvaro Espinoza Collao de la carrera de Derecho, sede Iquique, quien realizar\u00e1 una pasant\u00eda de investigaci\u00f3n en el Instituto Nacional de Antropolog\u00eda e Historia de M\u00e9xico. Los estudiantes que recibieron la Beca Santander Iberoamericana fueron: Ishwar Mulani Punjabi, alumno de la carrera de Ingenier\u00eda Comercial menci\u00f3n Gestion y Comercio Exterior de nuestra sede Iquique, quien ir\u00e1 de intercambio al Instituto Tecnol\u00f3gico de Monterrey, M\u00e9xico; Diego Arias Fuentealba, alumno de la carrera de Ingenier\u00eda Civil El\u00e9ctrica &#8211; Electr\u00f3nica con menci\u00f3n en Control Autom\u00e1tico y Rob\u00f3tica de la sede Iquique, quien realizar\u00e1 su intercambio en la Universidad Polit\u00e9cnica de Madrid, Espa\u00f1a; Yanina R\u00edos Quinteros, alumna de la carrera de Antropolog\u00eda, quien ir\u00e1 de intercambio a la Universidad Nacional Aut\u00f3noma de M\u00e9xico; Gabriel Cofr\u00e9 Rivera, alumno de la carrera de Derecho, quien ir\u00e1 de intercambio a la Universidad de Valencia, Espa\u00f1a y Alejandro Moraga Moya, alumno de la carrera de Agronom\u00eda quien realizar\u00e1 su intercambio en la Universidad<img alt=\"Imagen foto_00000005\" class=\"fotodrag\" id=\"foto_00000005\" src=\"\/web\/site\/artic\/20190516\/imag\/foto_0000000520190516112004.jpg\" style=\"margin-left: 10px; margin-right: 10px; float: right;\" data-w=\"360\" data-h=\"240\" \/> de Sevilla, Espa\u00f1a.<\/p>\n<p style=\"text-align: justify;\">Los alumnos beneficiados con la Beca Internacional de Libre Elecci\u00f3n fueron: Nicol\u00e1s Machuca Fern\u00e1ndez, alumno de la carrera de Psicolog\u00eda quien realizar\u00e1 su movilidad a la Universidad de Valencia, Espa\u00f1a; Ra\u00fal Villalobos Alvarado, alumno de la carrera de Ingenier\u00eda en Informaci\u00f3n y Control de Gesti\u00f3n quien ir\u00e1 a la Universidad de Coru\u00f1a, Espa\u00f1a y, Franco Panti Olivares alumno de la carrera de Ingenier\u00eda Civil El\u00e9ctrica quien ir\u00e1 a la Universidad Polit\u00e9cnica de Madrid, Espa\u00f1a.<\/p>\n\n\n\n<figure class=\"wp-block-image\"><a href=\"https:\/\/photos.app.goo.gl\/jd4K49ZBohMXUyi66\" target=\"_blank\"><img loading=\"lazy\" width=\"300\" height=\"60\" src=\"https:\/\/www.uta.cl\/wp-content\/uploads\/2019\/05\/ver_galeria.jpg\" alt=\"\" class=\"wp-image-8828\"\/><\/a><\/figure>\n","protected":false},"excerpt":{"rendered":"<p>Beneficio les permitir\u00e1 cursar un semestre en prestigiosas universidades de M\u00e9xico y Espa\u00f1a. <\/p>\n","protected":false},"author":3,"featured_media":11859,"comment_status":"open","ping_status":"open","sticky":false,"template":"","format":"standard","meta":[],"categories":[],"tags":[],"_links":{"self":[{"href":"https:\/\/www.uta.cl\/index.php\/wp-json\/wp\/v2\/posts\/11858"}],"collection":[{"href":"https:\/\/www.uta.cl\/index.php\/wp-json\/wp\/v2\/posts"}],"about":[{"href":"https:\/\/www.uta.cl\/index.php\/wp-json\/wp\/v2\/types\/post"}],"author":[{"embeddable":true,"href":"https:\/\/www.uta.cl\/index.php\/wp-json\/wp\/v2\/users\/3"}],"replies":[{"embeddable":true,"href":"https:\/\/www.uta.cl\/index.php\/wp-json\/wp\/v2\/comments?post=11858"}],"version-history":[{"count":0,"href":"https:\/\/www.uta.cl\/index.php\/wp-json\/wp\/v2\/posts\/11858\/revisions"}],"wp:featuredmedia":[{"embeddable":true,"href":"https:\/\/www.uta.cl\/index.php\/wp-json\/wp\/v2\/media\/11859"}],"wp:attachment":[{"href":"https:\/\/www.uta.cl\/index.php\/wp-json\/wp\/v2\/media?parent=11858"}],"wp:term":[{"taxonomy":"category","embeddable":true,"href":"https:\/\/www.uta.cl\/index.php\/wp-json\/wp\/v2\/categories?post=11858"},{"taxonomy":"post_tag","embeddable":true,"href":"https:\/\/www.uta.cl\/index.php\/wp-json\/wp\/v2\/tags?post=11858"}],"curies":[{"name":"wp","href":"https:\/\/api.w.org\/{rel}","templated":true}]}}