{"id":11852,"date":"2019-05-17T14:59:35","date_gmt":"2019-05-17T14:59:35","guid":{"rendered":"https:\/\/www.uta.cl\/rector-se-reune-con-la-nueva-federacion-de-estudiantes-de-la-universidad\/web\/2019-05-17\/145935.html"},"modified":"2019-05-17T14:59:35","modified_gmt":"2019-05-17T14:59:35","slug":"rector-se-reune-con-la-nueva-federacion-de-estudiantes-de-la-universidad","status":"publish","type":"post","link":"https:\/\/www.uta.cl\/index.php\/2019\/05\/17\/rector-se-reune-con-la-nueva-federacion-de-estudiantes-de-la-universidad\/","title":{"rendered":"Rector se reune con la nueva Federaci\u00f3n de Estudiantes de la Universidad de Tarapac\u00e1"},"content":{"rendered":"\n<p style=\"text-align: justify;\"><img alt=\"Imagen foto_00000005\" class=\"fotodrag\" id=\"foto_00000005\" src=\"\/web\/site\/artic\/20190517\/imag\/foto_0000000520190517145935.jpg\" style=\"margin-left: 10px; margin-right: 10px; float: left;\" data-w=\"360\" data-h=\"240\" \/>Este jueves 16 de mayo, la recientemente electa Federaci\u00f3n de Estudiantes de la Universidad de Tarapac\u00e1 (FEUT) se reuni\u00f3 con la m\u00e1xima autoridad universitaria con la finalidad de entregar un saludo protocolar a las autoridades universitarias, junto con dar a conocer sus principales objetivos de trabajo como el reconstruir el movimiento estudiantil y la comunidad universitaria al interior de la UTA, a trav\u00e9s de ejes como: G\u00e9nero y sexualidad, Salud, Deporte, Medio Ambiente, Vinculaci\u00f3n con el Medio, Democracia, Participaci\u00f3n y Educaci\u00f3n.<\/p>\n<p style=\"text-align: justify;\"><img alt=\"Imagen foto_00000009\" class=\"fotodrag\" id=\"foto_00000009\" src=\"\/web\/site\/artic\/20190517\/imag\/foto_0000000920190517145935.jpg\" style=\"float: right; margin-left: 10px; margin-right: 10px;\" data-w=\"360\" data-h=\"240\" \/>El encuentro cont\u00f3 adem\u00e1s con la presencia del Vicerrector Acad\u00e9mico, Dr. Alfonso D\u00edaz Aguad, el Vicerrector de Administraci\u00f3n y Finanzas, \u00c1lvaro Palma Quiroz; la Vicerrectora de Desarrollo Estrat\u00e9gico, Dra. Jenniffer Peralta Montecinos; la Directora de Asuntos Estudiantiles, Dra. Ingrid Fern\u00e1ndez Carvajal; la Directora de Equidad de G\u00e9nero, Dra. Claudia Moraga Contreras; y el Asesor de Gabinete, Dr. Carlos Mondaca Rojas.<\/p>\n<p style=\"text-align: justify;\">Entre los temas planteados por la FEUT, se consider\u00f3 revisar la situaci\u00f3n de 660 estudiantes que perdieron la gratuidad, en la cual es necesario conocer las razones y las alternativas para continuar con dicho beneficio. Asimismo, se convers\u00f3 respecto a la difusi\u00f3n del Protocolo ante Actos contra la Dignidad, programas de salud mental y de fortalecimiento de la calidad de vida del estudiante desde una perspectiva bio-psicosocial, entre otros importantes temas.<\/p>\n<p style=\"text-align: justify;\">El Rector Dr. Emilio Rodr\u00edguez Ponce manifest\u00f3 a los dirigentes estudiantiles su satisfacci\u00f3n por contar con una nueva Federaci\u00f3n luego de tres a\u00f1os, relevando la importancia de la representatividad de ese estamento en las distintas instancias universitarias, sobre todo, para contribuir al desarrollo de la Instituci\u00f3n.<\/p>\n<p style=\"text-align: justify;\"><img alt=\"Imagen foto_00000007\" class=\"fotodrag\" id=\"foto_00000007\" src=\"\/web\/site\/artic\/20190517\/imag\/foto_0000000720190517145935.jpg\" style=\"margin-left: 10px; margin-right: 10px; float: left;\" data-w=\"360\" data-h=\"240\" \/>Igualmente, expres\u00f3 su compromiso de trabajar en conjunto en base al di\u00e1logo ante las distintas situaciones que se presenten, expresando que, &#8220;ha sido una reuni\u00f3n muy provechosa porque hemos encontrado de que se trata de un grupo de l\u00edderes estudiantiles que est\u00e1n muy bien motivados para lograr mayores niveles de participaci\u00f3n y di\u00e1logo junto con la construcci\u00f3n de una comunidad universitaria mucho m\u00e1s integrada. En este contexto, creemos que pueden ser grandes representantes de los estudiantes en una serie de materias que son de inter\u00e9s para el desarrollo de nuestra Universidad en todos los niveles, desde el mejoramiento de las condiciones bio-psicosociales en la cual trabajan los estudiantes y que se dan en los procesos formativos hasta la elaboraci\u00f3n o ejecuci\u00f3n de proyectos en conjunto, tales como los servicios de apoyo estudiantil que se van a llevar cabo en su dise\u00f1o en este momento&#8221;.<\/p>\n<p style=\"text-align: justify;\"><img alt=\"Imagen foto_00000013\" class=\"fotodrag\" id=\"foto_00000013\" src=\"\/web\/site\/artic\/20190517\/imag\/foto_0000001320190517145935.jpg\" style=\"margin-left: 10px; margin-right: 10px; float: left;\" data-w=\"360\" data-h=\"240\" \/>La m\u00e1xima autoridad universitaria agreg\u00f3 que, &#8220;hay una posibilidad de trabajo mancomunado, que es muy importante. La Federaci\u00f3n est\u00e1 trabajando por los intereses del estamento estudiantil que a la vez es un estamento fundamental para el progreso y desarrollo de la UTA. En consecuencia, estamos muy motivados y con muy altas expectativas de lo que se pueda lograr. Han accedido a participar en muchas comisiones y eso para nosotros es un motivo de satisfacci\u00f3n, porque nos va a permitir la voz de los estudiantes en la construcci\u00f3n de la universidad del futuro&#8221;.<\/p>\n<p style=\"text-align: justify;\"><img alt=\"Imagen foto_00000016\" class=\"fotodrag\" id=\"foto_00000016\" src=\"\/web\/site\/artic\/20190517\/imag\/foto_0000001620190517145935.jpg\" style=\"margin-left: 10px; margin-right: 10px; float: right;\" data-w=\"360\" data-h=\"240\" \/>Paloma Tapia Barrios, presidenta de la FEUT, explic\u00f3 que la nueva Federaci\u00f3n trabaja arduamente para representar de mejor forma a los estudiantes. &#8220;esta reuni\u00f3n ha sido muy positiva. La idea es poder avanzar en conjunto respecto a una construcci\u00f3n de una comunidad universitaria que sea m\u00e1s eficiente y que pueda apostar a un bienestar de los estudiantes. Tenemos muchos desaf\u00edos y trabajos en la cual esperamos que las autoridades universitarias puedan colocarse con un trabajo continuo y comprometido porque los estudiantes tenemos muchas problem\u00e1ticas y es necesarios que sean escuchadas&#8221;.<\/p>\n<p style=\"text-align: justify;\"><img alt=\"Imagen foto_00000012\" class=\"fotodrag\" id=\"foto_00000012\" src=\"\/web\/site\/artic\/20190517\/imag\/foto_0000001220190517145935.jpg\" style=\"margin-left: 10px; margin-right: 10px; float: left;\" data-w=\"360\" data-h=\"240\" \/>Por su parte, La Directora de Asuntos Estudiantiles, Dra. Ingrid Fern\u00e1ndez Carvajal destac\u00f3 que la nueva dirigencia de la Feut est\u00e1 muy motivada para lograr avances. &#8220;Ha sido una positiva reuni\u00f3n. La disposici\u00f3n de los alumnos ha sido excelente, est\u00e1n dispuestos a construir universidad, a retomar lo emblem\u00e1tico que es la Federaci\u00f3n de Estudiantes de anta\u00f1o y est\u00e1n con esa mirada, lo cual es muy bueno para lograr un trabajo en conjunto en momentos complejos, en la cual necesitamos de los estudiantes para conocer sus opiniones y requerimientos&#8221;.<\/p>\n","protected":false},"excerpt":{"rendered":"<p>En las \u00faltimas elecciones de la FEUT, los representantes de la Lista A \u201cSeamos Feut fueron los ganadores con 1.122 votos. <\/p>\n","protected":false},"author":3,"featured_media":11853,"comment_status":"open","ping_status":"open","sticky":false,"template":"","format":"standard","meta":[],"categories":[],"tags":[],"_links":{"self":[{"href":"https:\/\/www.uta.cl\/index.php\/wp-json\/wp\/v2\/posts\/11852"}],"collection":[{"href":"https:\/\/www.uta.cl\/index.php\/wp-json\/wp\/v2\/posts"}],"about":[{"href":"https:\/\/www.uta.cl\/index.php\/wp-json\/wp\/v2\/types\/post"}],"author":[{"embeddable":true,"href":"https:\/\/www.uta.cl\/index.php\/wp-json\/wp\/v2\/users\/3"}],"replies":[{"embeddable":true,"href":"https:\/\/www.uta.cl\/index.php\/wp-json\/wp\/v2\/comments?post=11852"}],"version-history":[{"count":0,"href":"https:\/\/www.uta.cl\/index.php\/wp-json\/wp\/v2\/posts\/11852\/revisions"}],"wp:featuredmedia":[{"embeddable":true,"href":"https:\/\/www.uta.cl\/index.php\/wp-json\/wp\/v2\/media\/11853"}],"wp:attachment":[{"href":"https:\/\/www.uta.cl\/index.php\/wp-json\/wp\/v2\/media?parent=11852"}],"wp:term":[{"taxonomy":"category","embeddable":true,"href":"https:\/\/www.uta.cl\/index.php\/wp-json\/wp\/v2\/categories?post=11852"},{"taxonomy":"post_tag","embeddable":true,"href":"https:\/\/www.uta.cl\/index.php\/wp-json\/wp\/v2\/tags?post=11852"}],"curies":[{"name":"wp","href":"https:\/\/api.w.org\/{rel}","templated":true}]}}