{"id":11399,"date":"2018-04-25T17:57:10","date_gmt":"2018-04-25T17:57:10","guid":{"rendered":"https:\/\/www.uta.cl\/s\/Uw0"},"modified":"2021-01-14T12:27:18","modified_gmt":"2021-01-14T12:27:18","slug":"alumnas-de-educacion-parvularia-uta-sede-iquique-realizaron-practica-en","status":"publish","type":"post","link":"https:\/\/www.uta.cl\/index.php\/2018\/04\/25\/alumnas-de-educacion-parvularia-uta-sede-iquique-realizaron-practica-en\/","title":{"rendered":"Alumnas de Educaci\u00f3n Parvularia UTA sede Iquique realizaron pr\u00e1ctica en sala cuna de centro penitenciario femenino"},"content":{"rendered":"\n<p><p style=\"text-align: justify;\"><img loading=\"lazy\" alt=\"Imagen foto_00000001\" class=\"fotodrag\" id=\"foto_00000001\" src=\"\/web\/site\/artic\/20180425\/imag\/foto_0000000120180425175710.jpg\" style=\"float: left; margin-left: 10px; margin-right: 10px;\" data-w=\"550\" data-h=\"413\" width=\"360\" height=\"271\">La sala cuna de Integra &#8220;Sonrisas de Beb\u00e9&#8221;, ubicada al interior del Centro de Cumplimiento Penitenciario Femenino de Iquique, CCP, se transform\u00f3 en un centro de pr\u00e1cticas para las alumnas de cuarto a\u00f1o de la carrera de Educaci\u00f3n Parvularia sede Iquique.<\/p>\n<p style=\"text-align: justify;\">Actividad que se enmarca en una labor de acercamiento y que permiti\u00f3 compartir experiencias que conllevan a un enriquecimiento mutuo. Destaca la importancia de trabajar las modalidades no convencionales de atenci\u00f3n como aspectos claves de la calidad educativa.<\/p>\n<p style=\"text-align: justify;\">Las alumnas trabajaron con lactantes de 3 meses hasta 2 a\u00f1os, hijos de madres privadas de libertad.<\/p>\n<p style=\"text-align: justify;\">La Jefa de carrera de Educaci\u00f3n Parvularia, Teresa Aguirre Pollarolo, resalt\u00f3 la importancia de generar en las alumnas experiencias educativas basadas en las modalidades no convencionales que son pr\u00e1cticas esenciales para el proceso de ense\u00f1anza-aprendizaje.<\/p>\n<p style=\"text-align: justify;\">Precis\u00f3 que las &#8220;educadoras de p\u00e1rvulos son l\u00edderes de la educaci\u00f3n inicial y son las encargadas de establecer las bases fundantes de una educaci\u00f3n de calidad para los ciudadanos del ma\u00f1ana&#8221;.<\/p><\/p>\n","protected":false},"excerpt":{"rendered":"<p>Las alumnas trabajaron con  lactantes de 3 meses hasta  2 a\u00f1os, hijos de madres privadas de libertad<\/p>\n","protected":false},"author":3,"featured_media":11400,"comment_status":"open","ping_status":"open","sticky":false,"template":"","format":"standard","meta":[],"categories":[94,32],"tags":[],"_links":{"self":[{"href":"https:\/\/www.uta.cl\/index.php\/wp-json\/wp\/v2\/posts\/11399"}],"collection":[{"href":"https:\/\/www.uta.cl\/index.php\/wp-json\/wp\/v2\/posts"}],"about":[{"href":"https:\/\/www.uta.cl\/index.php\/wp-json\/wp\/v2\/types\/post"}],"author":[{"embeddable":true,"href":"https:\/\/www.uta.cl\/index.php\/wp-json\/wp\/v2\/users\/3"}],"replies":[{"embeddable":true,"href":"https:\/\/www.uta.cl\/index.php\/wp-json\/wp\/v2\/comments?post=11399"}],"version-history":[{"count":1,"href":"https:\/\/www.uta.cl\/index.php\/wp-json\/wp\/v2\/posts\/11399\/revisions"}],"predecessor-version":[{"id":27796,"href":"https:\/\/www.uta.cl\/index.php\/wp-json\/wp\/v2\/posts\/11399\/revisions\/27796"}],"wp:featuredmedia":[{"embeddable":true,"href":"https:\/\/www.uta.cl\/index.php\/wp-json\/wp\/v2\/media\/11400"}],"wp:attachment":[{"href":"https:\/\/www.uta.cl\/index.php\/wp-json\/wp\/v2\/media?parent=11399"}],"wp:term":[{"taxonomy":"category","embeddable":true,"href":"https:\/\/www.uta.cl\/index.php\/wp-json\/wp\/v2\/categories?post=11399"},{"taxonomy":"post_tag","embeddable":true,"href":"https:\/\/www.uta.cl\/index.php\/wp-json\/wp\/v2\/tags?post=11399"}],"curies":[{"name":"wp","href":"https:\/\/api.w.org\/{rel}","templated":true}]}}