{"id":11313,"date":"2018-05-14T18:58:10","date_gmt":"2018-05-14T18:58:10","guid":{"rendered":"https:\/\/www.uta.cl\/s\/A11"},"modified":"2021-01-14T12:27:10","modified_gmt":"2021-01-14T12:27:10","slug":"ceremonia-de-investidura-de-alumnas-de-educacion-parvularia-sede-iquique","status":"publish","type":"post","link":"https:\/\/www.uta.cl\/index.php\/2018\/05\/14\/ceremonia-de-investidura-de-alumnas-de-educacion-parvularia-sede-iquique\/","title":{"rendered":"Ceremonia de investidura de alumnas de Educaci\u00f3n Parvularia sede Iquique"},"content":{"rendered":"\n<p><p style=\"text-align: justify;\"><img loading=\"lazy\" alt=\"Imagen foto_00000001\" class=\"fotodrag\" id=\"foto_00000001\" src=\"\/web\/site\/artic\/20180514\/imag\/foto_0000000120180514185810.jpg\" style=\"float: right; margin-left: 10px; margin-right: 10px;\" data-w=\"550\" data-h=\"371\" width=\"361\" height=\"243\">La tradicional ceremonia de la carrera de pregrado, marca a las estudiantes el proceso de la pr\u00e1ctica inicial, sellado con los simbolismos de la piocha identificadora y la luz de la vela que representa la iluminaci\u00f3n en el camino profesional.<\/p>\n<p style=\"text-align: justify;\">Las palabras de inicio estuvo a cargo del director de sedes, Mg. Luis Salgado Ortiz, quien entreg\u00f3 sus parabienes por la nueva etapa que iniciaban las estudiantes, adem\u00e1s, de poner en valor el rol que tendr\u00e1n las estudiantes en la educaci\u00f3n inicial de los ni\u00f1os, y en la sociedad, con la relevancia que tiene la primera etapa de formaci\u00f3n de los ni\u00f1os.<\/p>\n<p style=\"text-align: justify;\">Posteriormente, intervino la jefa de carrera de Educaci\u00f3n Parvularia, Mg. Teresa Aguirre Pollarolo, quien dirigi\u00f3 su discurso a las estudiantes y a las familias &#8220;agradeciendo a los padres y apoderados por depositar la confianza y entregarnos lo m\u00e1s preciado para ellos: sus hijas. Hemos contribuido junto a los acad\u00e9micos a avanzar hacia el logro de un t\u00edtulo profesional. Ellas siempre llevar\u00e1n por siempre un poquito de cada una de nosotras para continuar la senda de la vocaci\u00f3n&#8221;, finaliz\u00f3 .<\/p>\n<p style=\"text-align: justify;\">Los s\u00edmbolos fueron entregados por la Jefe de Carrera de Educaci\u00f3n Parvularia para posteriormente, las estudiantes declarar la renovaci\u00f3n del compromiso con su profesi\u00f3n, con la universidad y la sociedad.<\/p>\n<p style=\"text-align: justify;\">Tras dar cierre a la ceremonia, el decano de la Facultad de Educaci\u00f3n y Humanidades, Dr. Jorge Lagos Caama\u00f1o, se mostr\u00f3 complacido de la invitaci\u00f3n, contextualizando la actividad como la &#8220;etapa intermedia de las estudiantes; que tambi\u00e9n sirve para renovar su compromiso con la instituci\u00f3n, porque las estudiantes deben sentirse muy satisfecha que la Universidad de Tarapac\u00e1 es una universidad seria y una de las mejores del pa\u00eds&#8221;.<\/p>\n<p style=\"text-align: justify;\"><strong>ACREDITACI\u00d3N<\/strong><\/p>\n<p style=\"text-align: justify;\">La carrera de Educaci\u00f3n Parvularia inici\u00f3 el proceso de reacreditaci\u00f3n, lo que conlleva a generar los di\u00e1logos de autoevaluaci\u00f3n para presentar los informes y recibir la visita de los pares evaluadores a finales del 2018.<\/p>\n<p style=\"text-align: justify;\">El decano, Dr. Lagos Caama\u00f1o, se mostr\u00f3 optimista del proceso, dado que particip\u00f3 de variadas reuniones en la sede Iquique y fue optimista y enf\u00e1tico en se\u00f1alar que &#8220;la carrera de Educaci\u00f3n Parvularia es una sola. La Universidad es una sola. Solo nos separa distancias geogr\u00e1ficas, pero los planteamientos surgidos aqu\u00ed (sede Iquique), nos muestra que estamos llenos desaf\u00edos en el norte del pa\u00eds. Lo que queremos y est\u00e1 concentrado en el Sistema de Desarrollo Estrat\u00e9gico, es ser una universidad compleja, que no solo se preocupa de pregrado, sino de los postgrados y la investigaci\u00f3n&#8221;, concluy\u00f3.<\/p><\/p>\n","protected":false},"excerpt":{"rendered":"<p>En la ceremonia que se realiza desde los inicios de la carrera,  25 estudiantes recibieron el reconocimiento simb\u00f3lico que da inicio a la etapa de la pr\u00e1ctica inicial<\/p>\n","protected":false},"author":3,"featured_media":11314,"comment_status":"open","ping_status":"open","sticky":false,"template":"","format":"standard","meta":[],"categories":[94,32,42],"tags":[],"_links":{"self":[{"href":"https:\/\/www.uta.cl\/index.php\/wp-json\/wp\/v2\/posts\/11313"}],"collection":[{"href":"https:\/\/www.uta.cl\/index.php\/wp-json\/wp\/v2\/posts"}],"about":[{"href":"https:\/\/www.uta.cl\/index.php\/wp-json\/wp\/v2\/types\/post"}],"author":[{"embeddable":true,"href":"https:\/\/www.uta.cl\/index.php\/wp-json\/wp\/v2\/users\/3"}],"replies":[{"embeddable":true,"href":"https:\/\/www.uta.cl\/index.php\/wp-json\/wp\/v2\/comments?post=11313"}],"version-history":[{"count":1,"href":"https:\/\/www.uta.cl\/index.php\/wp-json\/wp\/v2\/posts\/11313\/revisions"}],"predecessor-version":[{"id":27795,"href":"https:\/\/www.uta.cl\/index.php\/wp-json\/wp\/v2\/posts\/11313\/revisions\/27795"}],"wp:featuredmedia":[{"embeddable":true,"href":"https:\/\/www.uta.cl\/index.php\/wp-json\/wp\/v2\/media\/11314"}],"wp:attachment":[{"href":"https:\/\/www.uta.cl\/index.php\/wp-json\/wp\/v2\/media?parent=11313"}],"wp:term":[{"taxonomy":"category","embeddable":true,"href":"https:\/\/www.uta.cl\/index.php\/wp-json\/wp\/v2\/categories?post=11313"},{"taxonomy":"post_tag","embeddable":true,"href":"https:\/\/www.uta.cl\/index.php\/wp-json\/wp\/v2\/tags?post=11313"}],"curies":[{"name":"wp","href":"https:\/\/api.w.org\/{rel}","templated":true}]}}