{"id":11293,"date":"2018-05-16T12:57:27","date_gmt":"2018-05-16T12:57:27","guid":{"rendered":"https:\/\/www.uta.cl\/s\/Jt1"},"modified":"2021-04-22T14:38:54","modified_gmt":"2021-04-22T14:38:54","slug":"estudiantes-del-liceo-jovina-naranjo-fernandez-visitaron-en-la-uta","status":"publish","type":"post","link":"https:\/\/www.uta.cl\/index.php\/2018\/05\/16\/estudiantes-del-liceo-jovina-naranjo-fernandez-visitaron-en-la-uta\/","title":{"rendered":"Estudiantes del Liceo Jovina Naranjo Fern\u00e1ndez visitaron en la UTA Carrera de Historia y Geograf\u00eda"},"content":{"rendered":"\n<p><p style=\"text-align: justify;\">En el marco de los procesos de vinculaci\u00f3n con el medio, la Carrera de Historia y Geograf\u00eda de la Universidad de Tarapac\u00e1, recibi\u00f3 el d\u00eda 23 de abril la visita de estudiantes de los terceros a\u00f1os medios del Liceo Jovina Naranjo Fern\u00e1ndez, que cursan el electivo de Realidad Nacional.<\/p>\n<table style=\"border-spacing: 10px;\" border=\"0\">\n<tbody>\n<tr>\n<td><img loading=\"lazy\" alt=\"Imagen foto_00000002\" class=\"fotodrag\" id=\"foto_00000002\" src=\"\/web\/site\/artic\/20180516\/imag\/foto_0000000220180516125727.jpg\" data-w=\"360\" data-h=\"270\" width=\"352\" height=\"264\" border=\"0\"><\/td>\n<td><img loading=\"lazy\" alt=\"Imagen foto_00000001\" class=\"fotodrag\" id=\"foto_00000001\" src=\"\/web\/site\/artic\/20180516\/imag\/foto_0000000120180516125727.jpg\" data-w=\"550\" data-h=\"393\" width=\"367\" height=\"263\" border=\"0\"><\/td>\n<\/tr>\n<\/tbody>\n<\/table>\n<p style=\"text-align: justify;\">Dicha actividad fue coordinada desde la Universidad por el profesor El\u00edas Pizarro Pizarro, quien gestion\u00f3 los recursos necesarios para su realizaci\u00f3n. Los estudiantes, acompa\u00f1ados por las profesoras de Historia y Geograf\u00eda, Ana Barras Reyes, coordinadora de la actividad y Daniela Maya Sessarego, participaron activamente del curso de Introducci\u00f3n a las Humanidades y Ciencias Sociales que dicta el profesor Carlos Choque Mari\u00f1o. De esta manera, pudieron formarse una idea de c\u00f3mo se aborda el estudio de los problemas sociales con miras a su participaci\u00f3n en el XV Encuentro Humanista del Colegio Padre Hurtado de Chill\u00e1n.<\/p>\n<p style=\"text-align: justify;\">Posteriormente, fueron recibidos en las dependencias del Archivo Hist\u00f3rico Vicente Dagnino por el profesional encargado, Daniel Castillo Ram\u00edrez, quien les explic\u00f3 la importancia del uso de las fuentes en el estudio de la historia.<\/p>\n<p style=\"text-align: justify;\">El jefe de Carrera de Historia y Geograf\u00eda, Alfonso D\u00edaz Aguad, valor\u00f3 esta instancia de cooperaci\u00f3n y articulaci\u00f3n con la comunidad escolar, la que sin duda alguna, contribuye a la formaci\u00f3n integral de los estudiantes, especialmente el desarrollo de un esp\u00edritu cr\u00edtico y reflexivo frente a las diversas tem\u00e1ticas sociales y el uso riguroso de las fuentes escritas necesarias para el abordaje de los hechos sociales.<\/p><\/p>\n","protected":false},"excerpt":{"rendered":"<p>En encuentro con acad\u00e9micos conocieron c\u00f3mo abordar el estudio de los problemas sociales<\/p>\n","protected":false},"author":3,"featured_media":11294,"comment_status":"open","ping_status":"open","sticky":false,"template":"","format":"standard","meta":[],"categories":[32,100],"tags":[],"_links":{"self":[{"href":"https:\/\/www.uta.cl\/index.php\/wp-json\/wp\/v2\/posts\/11293"}],"collection":[{"href":"https:\/\/www.uta.cl\/index.php\/wp-json\/wp\/v2\/posts"}],"about":[{"href":"https:\/\/www.uta.cl\/index.php\/wp-json\/wp\/v2\/types\/post"}],"author":[{"embeddable":true,"href":"https:\/\/www.uta.cl\/index.php\/wp-json\/wp\/v2\/users\/3"}],"replies":[{"embeddable":true,"href":"https:\/\/www.uta.cl\/index.php\/wp-json\/wp\/v2\/comments?post=11293"}],"version-history":[{"count":1,"href":"https:\/\/www.uta.cl\/index.php\/wp-json\/wp\/v2\/posts\/11293\/revisions"}],"predecessor-version":[{"id":29430,"href":"https:\/\/www.uta.cl\/index.php\/wp-json\/wp\/v2\/posts\/11293\/revisions\/29430"}],"wp:featuredmedia":[{"embeddable":true,"href":"https:\/\/www.uta.cl\/index.php\/wp-json\/wp\/v2\/media\/11294"}],"wp:attachment":[{"href":"https:\/\/www.uta.cl\/index.php\/wp-json\/wp\/v2\/media?parent=11293"}],"wp:term":[{"taxonomy":"category","embeddable":true,"href":"https:\/\/www.uta.cl\/index.php\/wp-json\/wp\/v2\/categories?post=11293"},{"taxonomy":"post_tag","embeddable":true,"href":"https:\/\/www.uta.cl\/index.php\/wp-json\/wp\/v2\/tags?post=11293"}],"curies":[{"name":"wp","href":"https:\/\/api.w.org\/{rel}","templated":true}]}}