{"id":11283,"date":"2018-05-17T18:30:22","date_gmt":"2018-05-17T18:30:22","guid":{"rendered":"https:\/\/www.uta.cl\/s\/O91"},"modified":"2021-01-07T13:17:44","modified_gmt":"2021-01-07T13:17:44","slug":"mechones-de-pedagogia-en-educacion-basica-motivados-con-la","status":"publish","type":"post","link":"https:\/\/www.uta.cl\/index.php\/2018\/05\/17\/mechones-de-pedagogia-en-educacion-basica-motivados-con-la\/","title":{"rendered":"\u201cMechones\u201d de Pedagog\u00eda en Educaci\u00f3n B\u00e1sica motivados con la inclusi\u00f3n"},"content":{"rendered":"\n<p><p style=\"text-align: justify;\"><img loading=\"lazy\" alt=\"Imagen foto_00000002\" class=\"fotodrag\" id=\"foto_00000002\" src=\"\/web\/site\/artic\/20180517\/imag\/foto_0000000220180517183022.jpg\" style=\"float: right; margin-left: 10px; margin-right: 10px;\" data-w=\"550\" data-h=\"367\" width=\"360\" height=\"240\">Una loable iniciativa, surgida desde los propios estudiantes, se concret\u00f3 con la intervenci\u00f3n de los voluntarios de la Fundaci\u00f3n Telet\u00f3n Arica a los estudiantes de primer a\u00f1o de la carrera de Pedagog\u00eda en Educaci\u00f3n B\u00e1sica de la Universidad de Tarapac\u00e1. En dicha actividad los asistentes aprendieron algunas herramientas y experimentaron las dificultades que enfrentan las personas con alguna discapacidad f\u00edsica.<\/p>\n<p style=\"text-align: justify;\">Este enriquecedor encuentro tuvo lugar en el Edificio Central y luego en el Hall del Campus Saucache, espacio en cual los asistentes recibieron una charla informativa sobre la labor que realiza esta instituci\u00f3n dentro de la regi\u00f3n, que actualmente atiende a m\u00e1s de 660 ni\u00f1os, ni\u00f1as y j\u00f3venes con discapacidad de la comunidad arique\u00f1a; para luego continuar con el taller &#8220;Ponte en mi lugar&#8221;, en el que, a trav\u00e9s de distintas din\u00e1micas, los estudiantes no s\u00f3lo se pusieron en el lugar de un ni\u00f1o o un joven en situaci\u00f3n de discapacidad, experimentando actividades como subir una rampa en una silla de ruedas o simulando un paseo por la calle, sino que pudieron visibilizar c\u00f3mo es vivir en situaci\u00f3n de discapacidad a trav\u00e9s de ejercicios pr\u00e1cticos especialmente planificados con dicho objetivo.<\/p>\n<p style=\"text-align: justify;\">Los estudiantes tuvieron una participaci\u00f3n activa en cada una de las actividades llevadas a cabo por los voluntarios, lo cual facilit\u00f3 y motiv\u00f3 la reflexi\u00f3n sobre el tema de la inclusi\u00f3n, de gran relevancia para nuestra sociedad y en el cual falta mucho por avanzar.<\/p>\n<p style=\"text-align: justify;\"><strong>IMPRESIONES<\/strong><\/p>\n<p style=\"text-align: justify;\">Daniel Valenzuela Varas, uno de los art\u00edfices de la gesti\u00f3n de esta actividad, qui\u00e9n es estudiante de primer a\u00f1o de la carrera y adem\u00e1s voluntario del Centro Telet\u00f3n Arica, coment\u00f3 sobre sus motivaciones para entregar a sus compa\u00f1eros este taller. &#8220;A nosotros nos est\u00e1n ense\u00f1ando a ser profesores y parte de nuestra labor tiene que tener un enfoque hac\u00eda la inclusi\u00f3n, entonces, sentimos con mi compa\u00f1ero, Nicol\u00e1s P\u00e9rez, que era nuestra responsabilidad hacer esta actividad junto a los voluntarios del centro y que mejor comenzar al principio de la carrera para ir generando conciencia en los futuros docentes&#8221;, expres\u00f3.<\/p>\n<p style=\"text-align: justify;\">En tanto, Roxana L\u00f3pez, jefa de voluntariado Telet\u00f3n Arica, qui\u00e9n fue la relatora del taller, remarc\u00f3 en la importancia que reviste el trabajar este tema con los estudiantes de la UTA. &#8220;Este es sin duda un desaf\u00edo para los profesores, estar al d\u00eda con las necesidades de cada uno de los estudiantes y para ir derribando barreras, no solo arquitect\u00f3nicas, sino que, sobre las evaluaciones y oportunidades para acceder a la educaci\u00f3n, entonces ah\u00ed radica la importancia de llevar esto a los que ser\u00e1n los futuros profesores de nuestro pa\u00eds, quienes son la nueva generaci\u00f3n que van a aportar much\u00edsimo a la educaci\u00f3n de nuestros ni\u00f1os&#8221;, asegur\u00f3.<\/p>\n<table style=\"border-spacing: 10px;\" border=\"0\">\n<tbody>\n<tr>\n<td><img alt=\"Imagen foto_00000003\" class=\"fotodrag\" id=\"foto_00000003\" src=\"\/web\/site\/artic\/20180517\/imag\/foto_0000000320180517183022.jpg\" data-w=\"360\" data-h=\"240\" border=\"0\"><\/td>\n<td><img alt=\"Imagen foto_00000001\" class=\"fotodrag\" id=\"foto_00000001\" src=\"\/web\/site\/artic\/20180517\/imag\/foto_0000000120180517183022.jpg\" data-w=\"360\" data-h=\"240\" border=\"0\"><\/td>\n<\/tr>\n<\/tbody>\n<\/table><\/p>\n","protected":false},"excerpt":{"rendered":"<p>Estudiantes participaron con voluntarios de la fundaci\u00f3n Telet\u00f3n Arica en din\u00e1mico taller<\/p>\n","protected":false},"author":3,"featured_media":11284,"comment_status":"open","ping_status":"open","sticky":false,"template":"","format":"standard","meta":[],"categories":[50,32],"tags":[],"_links":{"self":[{"href":"https:\/\/www.uta.cl\/index.php\/wp-json\/wp\/v2\/posts\/11283"}],"collection":[{"href":"https:\/\/www.uta.cl\/index.php\/wp-json\/wp\/v2\/posts"}],"about":[{"href":"https:\/\/www.uta.cl\/index.php\/wp-json\/wp\/v2\/types\/post"}],"author":[{"embeddable":true,"href":"https:\/\/www.uta.cl\/index.php\/wp-json\/wp\/v2\/users\/3"}],"replies":[{"embeddable":true,"href":"https:\/\/www.uta.cl\/index.php\/wp-json\/wp\/v2\/comments?post=11283"}],"version-history":[{"count":1,"href":"https:\/\/www.uta.cl\/index.php\/wp-json\/wp\/v2\/posts\/11283\/revisions"}],"predecessor-version":[{"id":27604,"href":"https:\/\/www.uta.cl\/index.php\/wp-json\/wp\/v2\/posts\/11283\/revisions\/27604"}],"wp:featuredmedia":[{"embeddable":true,"href":"https:\/\/www.uta.cl\/index.php\/wp-json\/wp\/v2\/media\/11284"}],"wp:attachment":[{"href":"https:\/\/www.uta.cl\/index.php\/wp-json\/wp\/v2\/media?parent=11283"}],"wp:term":[{"taxonomy":"category","embeddable":true,"href":"https:\/\/www.uta.cl\/index.php\/wp-json\/wp\/v2\/categories?post=11283"},{"taxonomy":"post_tag","embeddable":true,"href":"https:\/\/www.uta.cl\/index.php\/wp-json\/wp\/v2\/tags?post=11283"}],"curies":[{"name":"wp","href":"https:\/\/api.w.org\/{rel}","templated":true}]}}