{"id":10897,"date":"2018-07-27T10:48:15","date_gmt":"2018-07-27T10:48:15","guid":{"rendered":"https:\/\/www.uta.cl\/s\/O04"},"modified":"2018-07-27T10:48:15","modified_gmt":"2018-07-27T10:48:15","slug":"investigadores-uta-y-de-la-universidad-jorge-basadre-de-tacna-realizaron","status":"publish","type":"post","link":"https:\/\/www.uta.cl\/index.php\/2018\/07\/27\/investigadores-uta-y-de-la-universidad-jorge-basadre-de-tacna-realizaron\/","title":{"rendered":"Investigadores UTA y de la Universidad Jorge Basadre de Tacna realizaron capacitaci\u00f3n sobre el cultivo del ma\u00edz a agricultores del distrito de Pachia"},"content":{"rendered":"\n<p style=\"text-align: justify;\"><img alt=\"Imagen foto_00000001\" class=\"fotodrag\" id=\"foto_00000001\" src=\"\/web\/site\/artic\/20180727\/imag\/foto_0000000120180727104815.jpg\" style=\"margin-left: 10px; margin-right: 10px; float: left;\" width=\"440\" data-w=\"800\" data-h=\"399\" \/>La primera actividad de una serie de trabajos en campo con investigadores de la Facultad de Ciencias Agropecuarias de la Universidad Nacional Jorge Basadre Grohmann, de Tacna, realizaron el mi\u00e9rcoles 25 de julio acad\u00e9micos e investigadores de la Facultad de Ciencias Agron\u00f3micas de la Universidad de Tarapac\u00e1, en el marco del Convenio de Desempe\u00f1o UTA-1795 &#8220;Fortalecimiento de la investigaci\u00f3n interdisciplinaria en los recursos gen\u00e9ticos agr\u00edcolas ancestrales y aumento de su valorizaci\u00f3n en los custodios de la Regi\u00f3n de Arica y Parinacota&#8221;.<\/p>\n<p style=\"text-align: justify;\">La jornada se concentr\u00f3 en el Distrito de Pachia, donde se capacit\u00f3 a pobladores y agricultores sobre el cultivo de ma\u00edz, con tres charlas que se dictaron en el sal\u00f3n municipal de ese distrito. All\u00ed, las delegaciones de investigadores de Arica y Tacna fueron recibidos por el alcalde, ingeniero Julio C\u00e9sar Choque\u00f1a Huamani, quien agradeci\u00f3 a nombre de los agricultores la dedicaci\u00f3n e investigaciones realizadas referente al cultivo del ma\u00edz.<\/p>\n<p style=\"text-align: justify;\">La delegaci\u00f3n de la UTA estuvo presidida por la decana de la Facultad de Ciencias Agron\u00f3micas, Dra. Pilar Mazuela \u00c1guila, acompa\u00f1ada por la investigadora jefe del proyecto que financia el Convenio de Desempe\u00f1o, Dra. Elizabeth Bast\u00edas Mar\u00edn, y quien con su equipo de profesionales ha realizado avanzadas investigaciones sobre el &#8220;Ma\u00edz Llute\u00f1o&#8221;, cuya denominaci\u00f3n de origen se consigui\u00f3 el a\u00f1o 2015.<\/p>\n<p style=\"text-align: justify;\">El director del Instituto Basadre de Investigaci\u00f3n en Agrobiotecnolog\u00eda y Recursos Gen\u00e9ticos (IRGAB), Dr. Oscar Fern\u00e1ndez Cutire, quien lider\u00f3 la delegaci\u00f3n tacne\u00f1a junto al director de la Escuela Profesional de Agronom\u00eda, el Mgr. Ar\u00edstides Choquehuanca Tintaya, destac\u00f3 que &#8220;el ma\u00edz es uno de los cultivos ancestrales que se han venido desarrollando y cultivando, desde la \u00e9poca incaica, en la cultura nuestra&#8221;.<\/p>\n<p style=\"text-align: justify;\">La primera charla estuvo a cargo del bi\u00f3logo y profesor de la Universidad Pablo de Olavide, de Sevilla en Espa\u00f1a, Jes\u00fas Rexach, responsable del proyecto &#8220;Identificaci\u00f3n y Caracterizaci\u00f3n Morfol\u00f3gica, Fisiolog\u00eda y Molecular en diferentes variedades de ma\u00edz, tolerante al exceso de Boro&#8221;, quien se\u00f1al\u00f3 que la investigaci\u00f3n se realiz\u00f3 con las variedades de ma\u00edz de Pachia, Coruca y Sama, y que actualmente la ingeniero agr\u00f3noma Betty Mamani Huarcaya, de la UNJBG, se encuentra ejecutando el proyecto en la Universidad Pablo de Olavide, de Sevilla.<\/p>\n<p style=\"text-align: justify;\">Las exposiciones continuaron con la participaci\u00f3n del investigador de la UTA, Dr. Wilson Huanca Mamani, bi\u00f3logo molecular de plantas, quien trat\u00f3 el tema referente a &#8220;Estudios de los ma\u00edces de la Regi\u00f3n de Arica y Parinacota&#8221;, seguido de la ponencia de la bi\u00f3loga Elizabeth Bast\u00edas respecto al &#8220;Ma\u00edz Llute\u00f1o, cultivo con indicaci\u00f3n geogr\u00e1fica&#8221;.<\/p>\n<p style=\"text-align: justify;\">VINCULACION CON EL MEDIO<\/p>\n<p style=\"text-align: justify;\"><img alt=\"Imagen foto_00000003\" class=\"fotodrag\" id=\"foto_00000003\" src=\"\/web\/site\/artic\/20180727\/imag\/foto_0000000320180727104815.jpg\" style=\"float: right; margin-left: 10px; margin-right: 10px;\" width=\"400\" data-w=\"800\" data-h=\"412\" \/>La decana Pilar Mazuela, sobre esta cita en Pachia, destac\u00f3 que era una muy buena oportunidad de vinculaci\u00f3n con el medio: &#8220;Se inform\u00f3 a agricultores y pobladores de este lugar sobre las investigaciones que hemos realizado en la UTA sobre el ma\u00edz Llute\u00f1o, que es tambi\u00e9n un cultivo ancestral como el ma\u00edz de Pachia. Un primer encuentro que esperamos se repita pronto con la presencia de agricultores de Pachia en Lluta y tambi\u00e9n de los de Lluta en Pachia, para que intercambien experiencias&#8221;.<\/p>\n<p style=\"text-align: justify;\">Por su parte Elizabeth Bast\u00edas, sostuvo sobre la jornada en Pachia: &#8220;Lo m\u00e1s hermosos de la jornada fue estar con los agricultores del Distrito de Pachia (Tacna &#8211; Per\u00fa), que tienen un ma\u00edz local y famoso en la culinaria de Tacna, y adem\u00e1s, tienen similares problemas que nuestros agricultores del valle de Lluta, que cuenta tambi\u00e9n con un ma\u00edz local el &#8220;llute\u00f1o&#8221; y que nuestra universidad logr\u00f3 aumentar su producci\u00f3n y calidad, a trav\u00e9s, de proyectos financiados por Innova-Corfo y la UTA&#8221;.<\/p>\n<p style=\"text-align: justify;\">Precis\u00f3 que &#8220;los agricultores de Pachia expresaron su inquietud para mejorar manejo agron\u00f3mico del cultivo de su ma\u00edz, germoplasma que est\u00e1 en condiciones muy vulnerables de desaparecer&#8221;.<\/p>\n<p style=\"text-align: justify;\">Se\u00f1al\u00f3 adem\u00e1s, que en esta oportunidad surgi\u00f3 la alianza que se formar\u00eda entre el Dr. Jes\u00fas Rexach Benavides de la Universidad Pablo de Olavide, Sevilla \u2013 Espa\u00f1a, quien tambi\u00e9n expuso sobre los trabajos que se est\u00e1n realizando en Espa\u00f1a de los ma\u00edces locales de la Regi\u00f3n Tacna-Per\u00fa y la tolerancia al boro, la Universidad Nacional Jorge Basadre Grohmann y la Universidad de Tarapac\u00e1.<\/p>\n\n\n\n<figure class=\"wp-block-image\"><a href=\"https:\/\/photos.app.goo.gl\/Zz14ALHaDqVDrFkY7\" target=\"_blank\"><img loading=\"lazy\" width=\"300\" height=\"60\" src=\"https:\/\/www.uta.cl\/wp-content\/uploads\/2019\/05\/ver_galeria.jpg\" alt=\"\" class=\"wp-image-8828\"\/><\/a><\/figure>\n","protected":false},"excerpt":{"rendered":"<p>Delegaci\u00f3n arique\u00f1a la lider\u00f3 decana de la Facultad de Ciencias Agron\u00f3micas, Dra. Pilar Mazuela, junto a investigadora jefe del proyecto, Dra. Elizabeth Bast\u00edas.<\/p>\n","protected":false},"author":3,"featured_media":10898,"comment_status":"open","ping_status":"open","sticky":false,"template":"","format":"standard","meta":[],"categories":[],"tags":[],"_links":{"self":[{"href":"https:\/\/www.uta.cl\/index.php\/wp-json\/wp\/v2\/posts\/10897"}],"collection":[{"href":"https:\/\/www.uta.cl\/index.php\/wp-json\/wp\/v2\/posts"}],"about":[{"href":"https:\/\/www.uta.cl\/index.php\/wp-json\/wp\/v2\/types\/post"}],"author":[{"embeddable":true,"href":"https:\/\/www.uta.cl\/index.php\/wp-json\/wp\/v2\/users\/3"}],"replies":[{"embeddable":true,"href":"https:\/\/www.uta.cl\/index.php\/wp-json\/wp\/v2\/comments?post=10897"}],"version-history":[{"count":0,"href":"https:\/\/www.uta.cl\/index.php\/wp-json\/wp\/v2\/posts\/10897\/revisions"}],"wp:featuredmedia":[{"embeddable":true,"href":"https:\/\/www.uta.cl\/index.php\/wp-json\/wp\/v2\/media\/10898"}],"wp:attachment":[{"href":"https:\/\/www.uta.cl\/index.php\/wp-json\/wp\/v2\/media?parent=10897"}],"wp:term":[{"taxonomy":"category","embeddable":true,"href":"https:\/\/www.uta.cl\/index.php\/wp-json\/wp\/v2\/categories?post=10897"},{"taxonomy":"post_tag","embeddable":true,"href":"https:\/\/www.uta.cl\/index.php\/wp-json\/wp\/v2\/tags?post=10897"}],"curies":[{"name":"wp","href":"https:\/\/api.w.org\/{rel}","templated":true}]}}