{"id":10829,"date":"2017-01-27T12:41:12","date_gmt":"2017-01-27T12:41:12","guid":{"rendered":"https:\/\/www.uta.cl\/s\/5oN"},"modified":"2021-01-14T12:28:19","modified_gmt":"2021-01-14T12:28:19","slug":"cidd-perfecciona-a-los-academicos-de-pedagogia-en-educacion-basica-y","status":"publish","type":"post","link":"https:\/\/www.uta.cl\/index.php\/2017\/01\/27\/cidd-perfecciona-a-los-academicos-de-pedagogia-en-educacion-basica-y\/","title":{"rendered":"CIDD perfecciona a los acad\u00e9micos de Pedagog\u00eda en Educaci\u00f3n B\u00e1sica y Educaci\u00f3n Parvularia de la sede Iquique en \u201cElaboraci\u00f3n de Programas de Asignaturas\u201d"},"content":{"rendered":"","protected":false},"excerpt":{"rendered":"<p>Docentes y la asesora curricular al finalizar la actividad, coincidieron en la importancia que tiene para el curr\u00edculo finalizar con \u00e9xito este proceso.<\/p>\n","protected":false},"author":3,"featured_media":10830,"comment_status":"open","ping_status":"open","sticky":false,"template":"","format":"standard","meta":[],"categories":[50,94,32],"tags":[],"_links":{"self":[{"href":"https:\/\/www.uta.cl\/index.php\/wp-json\/wp\/v2\/posts\/10829"}],"collection":[{"href":"https:\/\/www.uta.cl\/index.php\/wp-json\/wp\/v2\/posts"}],"about":[{"href":"https:\/\/www.uta.cl\/index.php\/wp-json\/wp\/v2\/types\/post"}],"author":[{"embeddable":true,"href":"https:\/\/www.uta.cl\/index.php\/wp-json\/wp\/v2\/users\/3"}],"replies":[{"embeddable":true,"href":"https:\/\/www.uta.cl\/index.php\/wp-json\/wp\/v2\/comments?post=10829"}],"version-history":[{"count":2,"href":"https:\/\/www.uta.cl\/index.php\/wp-json\/wp\/v2\/posts\/10829\/revisions"}],"predecessor-version":[{"id":27803,"href":"https:\/\/www.uta.cl\/index.php\/wp-json\/wp\/v2\/posts\/10829\/revisions\/27803"}],"wp:featuredmedia":[{"embeddable":true,"href":"https:\/\/www.uta.cl\/index.php\/wp-json\/wp\/v2\/media\/10830"}],"wp:attachment":[{"href":"https:\/\/www.uta.cl\/index.php\/wp-json\/wp\/v2\/media?parent=10829"}],"wp:term":[{"taxonomy":"category","embeddable":true,"href":"https:\/\/www.uta.cl\/index.php\/wp-json\/wp\/v2\/categories?post=10829"},{"taxonomy":"post_tag","embeddable":true,"href":"https:\/\/www.uta.cl\/index.php\/wp-json\/wp\/v2\/tags?post=10829"}],"curies":[{"name":"wp","href":"https:\/\/api.w.org\/{rel}","templated":true}]}}