{"id":10239,"date":"2017-06-20T09:38:01","date_gmt":"2017-06-20T09:38:01","guid":{"rendered":"https:\/\/www.uta.cl\/s\/L0S"},"modified":"2021-04-22T14:39:14","modified_gmt":"2021-04-22T14:39:14","slug":"estudiantes-del-liceo-bicentenario-jovina-naranjo-fernandez-asisten-a","status":"publish","type":"post","link":"https:\/\/www.uta.cl\/index.php\/2017\/06\/20\/estudiantes-del-liceo-bicentenario-jovina-naranjo-fernandez-asisten-a\/","title":{"rendered":"Estudiantes del Liceo Bicentenario Jovina Naranjo Fern\u00e1ndez asisten a clases en la carrera de Historia y Geograf\u00eda"},"content":{"rendered":"\n<p><p style=\"text-align: justify;\"><img loading=\"lazy\" alt=\"Imagen foto_00000001\" class=\"fotodrag\" id=\"foto_00000001\" name=\"foto_00000001\" src=\"\/web\/site\/artic\/20170620\/imag\/foto_0000000120170620093801.jpg\" style=\"float: right; margin-left: 10px; margin-right: 10px;\" data-w=\"550\" data-h=\"309\" width=\"360\" height=\"202\">En el marco de los procesos de vinculaci\u00f3n con el medio escolar, la Carrera de Historia y Geograf\u00eda de la Universidad de Tarapac\u00e1, recibi\u00f3 el d\u00eda 23 de mayo la visita de los estudiantes de tercer a\u00f1o medio del Liceo Bicentenario &#8220;Jovina Naranjo Fern\u00e1ndez&#8221;. Dichos estudiantes fueron acompa\u00f1ados por su profesora de Historia y Geograf\u00eda, Se\u00f1orita Ana Barras Reyes (coordinadora de la actividad desde el Liceo) quien esta a cargo del curso electivo de Realidad Nacional. Los alumnos participaron activamente en el curso Introducci\u00f3n a las Humanidades y Ciencias Sociales que dicta el profesor Carlos Choque Mari\u00f1o. De esta manera, los estudiantes pudieron formarse una idea de c\u00f3mo se aborda el estudio de los problemas sociales con miras a su participaci\u00f3n en el XIV Encuentro Humanista del Colegio Padre Hurtado de Chill\u00e1n. Igualmente, fueron recibidos por el Convenio de Desempe\u00f1o Regional visitando las dependencias del Archivo Hist\u00f3rico Vicente Dagnino O. El Jefe de Carrera de Historia y Geograf\u00eda, El\u00edas Pizarro Pizarro quien coordino esta visita desde la Universidad de Tarapac\u00e1, valor\u00f3 esta instancia de cooperaci\u00f3n con la comunidad escolar que contribuye a la formaci\u00f3n integral de los estudiantes, especialmente en desarrollar en ellos un esp\u00edritu cr\u00edtico frente a las diversas tem\u00e1ticas sociales y valorar el uso de las fuentes escritas que les permitan el abordaje de los hechos sociales.<\/p><\/p>\n","protected":false},"excerpt":{"rendered":"<p>Participaron activamente en el curso Introducci\u00f3n a las Humanidades y Ciencias Sociales que dicta el profesor Carlos Choque Mari\u00f1o<\/p>\n","protected":false},"author":3,"featured_media":10240,"comment_status":"open","ping_status":"open","sticky":false,"template":"","format":"standard","meta":[],"categories":[32,100],"tags":[],"_links":{"self":[{"href":"https:\/\/www.uta.cl\/index.php\/wp-json\/wp\/v2\/posts\/10239"}],"collection":[{"href":"https:\/\/www.uta.cl\/index.php\/wp-json\/wp\/v2\/posts"}],"about":[{"href":"https:\/\/www.uta.cl\/index.php\/wp-json\/wp\/v2\/types\/post"}],"author":[{"embeddable":true,"href":"https:\/\/www.uta.cl\/index.php\/wp-json\/wp\/v2\/users\/3"}],"replies":[{"embeddable":true,"href":"https:\/\/www.uta.cl\/index.php\/wp-json\/wp\/v2\/comments?post=10239"}],"version-history":[{"count":1,"href":"https:\/\/www.uta.cl\/index.php\/wp-json\/wp\/v2\/posts\/10239\/revisions"}],"predecessor-version":[{"id":29432,"href":"https:\/\/www.uta.cl\/index.php\/wp-json\/wp\/v2\/posts\/10239\/revisions\/29432"}],"wp:featuredmedia":[{"embeddable":true,"href":"https:\/\/www.uta.cl\/index.php\/wp-json\/wp\/v2\/media\/10240"}],"wp:attachment":[{"href":"https:\/\/www.uta.cl\/index.php\/wp-json\/wp\/v2\/media?parent=10239"}],"wp:term":[{"taxonomy":"category","embeddable":true,"href":"https:\/\/www.uta.cl\/index.php\/wp-json\/wp\/v2\/categories?post=10239"},{"taxonomy":"post_tag","embeddable":true,"href":"https:\/\/www.uta.cl\/index.php\/wp-json\/wp\/v2\/tags?post=10239"}],"curies":[{"name":"wp","href":"https:\/\/api.w.org\/{rel}","templated":true}]}}