{"id":10221,"date":"2017-06-22T18:43:54","date_gmt":"2017-06-22T18:43:54","guid":{"rendered":"https:\/\/www.uta.cl\/s\/U5S"},"modified":"2021-01-14T12:27:53","modified_gmt":"2021-01-14T12:27:53","slug":"estudiantes-de-educacion-de-parvularia-de-la-sede-iquique-aprenden","status":"publish","type":"post","link":"https:\/\/www.uta.cl\/index.php\/2017\/06\/22\/estudiantes-de-educacion-de-parvularia-de-la-sede-iquique-aprenden\/","title":{"rendered":"Estudiantes de Educaci\u00f3n de Parvularia de la sede Iquique, aprenden sobre reanimaci\u00f3n y t\u00e9cnicas pedi\u00e1tricas de primeros auxilios"},"content":{"rendered":"\n<p><p style=\"text-align: justify;\"><img loading=\"lazy\" alt=\"Imagen foto_00000001\" class=\"fotodrag\" id=\"foto_00000001\" name=\"foto_00000001\" src=\"\/web\/site\/artic\/20170622\/imag\/foto_0000000120170622184354.jpg\" style=\"float: right; margin-left: 10px; margin-right: 10px;\" data-w=\"550\" data-h=\"309\" width=\"360\" height=\"202\">Esta actividad que program\u00f3 la jefa de carrera, Teresa Aguirre Pollarolo, quien se coordin\u00f3 con Ra\u00fal Castro, asesor de prevenci\u00f3n de riesgos e instructor de primeros auxilios, para la ejecuci\u00f3n del taller que estuvo dirigido a las estudiantes que est\u00e1n realizando sus pr\u00e1cticas en salas cunas de diferentes centros educativos de modo de entregarles los conocimientos y herramientas para que act\u00faen ante alguna emergencia.<\/p>\n<p style=\"text-align: justify;\">&#8220;Los ni\u00f1os son nuestro mayor tesoro; atender una urgencia es una situaci\u00f3n que puede ocurrir en diversos contextos, como es en el ambiente escolar. Esta es una materia de mucho inter\u00e9s para las futuras educadoras de p\u00e1rvulos, por ello, aprovecharon de adquirir conocimientos junto al profesional Ra\u00fal Castro&#8221; puntualiz\u00f3 la jefa de carrera.<\/p>\n<p style=\"text-align: justify;\">Las estudiantes comprendieron que es de suma importancia aprender acerca de las t\u00e9cnicas que hay que utilizar para actuar en cualquier situaci\u00f3n al interior de un recinto educacional y que comprometa la integridad de los menores que est\u00e1n estimulando.<\/p><\/p>\n","protected":false},"excerpt":{"rendered":"<p>El taller estuvo dirigido a las estudiantes que est\u00e1n realizando sus pr\u00e1cticas en salas cunas de diferentes centros educativos<\/p>\n","protected":false},"author":3,"featured_media":10222,"comment_status":"open","ping_status":"open","sticky":false,"template":"","format":"standard","meta":[],"categories":[94,32],"tags":[],"_links":{"self":[{"href":"https:\/\/www.uta.cl\/index.php\/wp-json\/wp\/v2\/posts\/10221"}],"collection":[{"href":"https:\/\/www.uta.cl\/index.php\/wp-json\/wp\/v2\/posts"}],"about":[{"href":"https:\/\/www.uta.cl\/index.php\/wp-json\/wp\/v2\/types\/post"}],"author":[{"embeddable":true,"href":"https:\/\/www.uta.cl\/index.php\/wp-json\/wp\/v2\/users\/3"}],"replies":[{"embeddable":true,"href":"https:\/\/www.uta.cl\/index.php\/wp-json\/wp\/v2\/comments?post=10221"}],"version-history":[{"count":1,"href":"https:\/\/www.uta.cl\/index.php\/wp-json\/wp\/v2\/posts\/10221\/revisions"}],"predecessor-version":[{"id":27800,"href":"https:\/\/www.uta.cl\/index.php\/wp-json\/wp\/v2\/posts\/10221\/revisions\/27800"}],"wp:featuredmedia":[{"embeddable":true,"href":"https:\/\/www.uta.cl\/index.php\/wp-json\/wp\/v2\/media\/10222"}],"wp:attachment":[{"href":"https:\/\/www.uta.cl\/index.php\/wp-json\/wp\/v2\/media?parent=10221"}],"wp:term":[{"taxonomy":"category","embeddable":true,"href":"https:\/\/www.uta.cl\/index.php\/wp-json\/wp\/v2\/categories?post=10221"},{"taxonomy":"post_tag","embeddable":true,"href":"https:\/\/www.uta.cl\/index.php\/wp-json\/wp\/v2\/tags?post=10221"}],"curies":[{"name":"wp","href":"https:\/\/api.w.org\/{rel}","templated":true}]}}