{"id":10173,"date":"2017-07-03T09:54:45","date_gmt":"2017-07-03T09:54:45","guid":{"rendered":"https:\/\/www.uta.cl\/s\/h6T"},"modified":"2017-07-03T09:54:45","modified_gmt":"2017-07-03T09:54:45","slug":"alumnos-del-colegio-arica-college-en-taller-de-ceramica-uta","status":"publish","type":"post","link":"https:\/\/www.uta.cl\/index.php\/2017\/07\/03\/alumnos-del-colegio-arica-college-en-taller-de-ceramica-uta\/","title":{"rendered":"Alumnos del Colegio Arica College en Taller de Cer\u00e1mica UTA"},"content":{"rendered":"\n<table align=\"right\" border=\"0\" cellpadding=\"10\" cellspacing=\"10\" style=\"width: 281px; height: 109px;\">\n<tbody>\n<tr>\n<td><img alt=\"Imagen foto_00000002\" class=\"fotodrag\" id=\"foto_00000002\" name=\"foto_00000002\" src=\"\/web\/site\/artic\/20170703\/imag\/foto_0000000220170703095445.jpg\" style=\"width: 400px;\" width=\"400\" data-w=\"800\" data-h=\"450\" \/><\/td>\n<\/tr>\n<\/tbody>\n<\/table>\n<p style=\"text-align: justify;\">Alumnos del Segundo A\u00f1o B\u00e1sico A y del Segundo A\u00f1o B\u00e1sico B del Colegio Arica College, realizaron una visita al Taller de Cer\u00e1mica del Centro de Artes de la Universidad de Tarapac\u00e1, acompa\u00f1ados de sus profesoras, Rebeca Villal\u00f3n y Vanesa Montenegro, respectivamente.<\/p>\n<p style=\"text-align: justify;\">El acad\u00e9mico jefe del taller Arturo Pe\u00f1a Raymondi, les dict\u00f3 una clase te\u00f3rica y pr\u00e1ctica a fin de darles a conocer los materiales, herramientas, t\u00e9cnicas y procesos de construcci\u00f3n en cer\u00e1mica, actividad enmarcada dentro de la tem\u00e1tica &#8220;Nuestros Pueblos Originarios&#8221; que est\u00e1n desarrollando en el colegio.<\/p>\n<p style=\"text-align: justify;\">Estas visitas se realizaron el viernes 23 y mi\u00e9rcoles 28 de junio, a solicitud del director del colegio, Jorge Y\u00e1\u00f1ez.<\/p>\n<table border=\"0\" cellpadding=\"10\" cellspacing=\"10\" style=\"width: 556px; height: 39px;\">\n<tbody>\n<tr>\n<td><img loading=\"lazy\" alt=\"Imagen foto_00000004\" class=\"fotodrag\" height=\"398\" id=\"foto_00000004\" name=\"foto_00000004\" src=\"\/web\/site\/artic\/20170703\/imag\/foto_0000000420170703095445.jpg\" width=\"235\" data-w=\"800\" data-h=\"1422\" \/><\/td>\n<td><img loading=\"lazy\" alt=\"Imagen foto_00000003\" class=\"fotodrag\" height=\"398\" id=\"foto_00000003\" name=\"foto_00000003\" src=\"\/web\/site\/artic\/20170703\/imag\/foto_0000000320170703095445.jpg\" width=\"235\" data-w=\"800\" data-h=\"1422\" \/><\/td>\n<td><img loading=\"lazy\" alt=\"Imagen foto_00000001\" class=\"fotodrag\" height=\"398\" id=\"foto_00000001\" name=\"foto_00000001\" src=\"\/web\/site\/artic\/20170703\/imag\/foto_0000000120170703095445.jpg\" width=\"235\" data-w=\"800\" data-h=\"1422\" \/><\/td>\n<\/tr>\n<\/tbody>\n<\/table>\n","protected":false},"excerpt":{"rendered":"<p>El acad\u00e9mico jefe del taller Arturo Pe\u00f1a Raymondi, les dict\u00f3 una clase te\u00f3rica y pr\u00e1ctica sobre el trabajo en cer\u00e1mica.<\/p>\n","protected":false},"author":3,"featured_media":10174,"comment_status":"open","ping_status":"open","sticky":false,"template":"","format":"standard","meta":[],"categories":[],"tags":[],"_links":{"self":[{"href":"https:\/\/www.uta.cl\/index.php\/wp-json\/wp\/v2\/posts\/10173"}],"collection":[{"href":"https:\/\/www.uta.cl\/index.php\/wp-json\/wp\/v2\/posts"}],"about":[{"href":"https:\/\/www.uta.cl\/index.php\/wp-json\/wp\/v2\/types\/post"}],"author":[{"embeddable":true,"href":"https:\/\/www.uta.cl\/index.php\/wp-json\/wp\/v2\/users\/3"}],"replies":[{"embeddable":true,"href":"https:\/\/www.uta.cl\/index.php\/wp-json\/wp\/v2\/comments?post=10173"}],"version-history":[{"count":0,"href":"https:\/\/www.uta.cl\/index.php\/wp-json\/wp\/v2\/posts\/10173\/revisions"}],"wp:featuredmedia":[{"embeddable":true,"href":"https:\/\/www.uta.cl\/index.php\/wp-json\/wp\/v2\/media\/10174"}],"wp:attachment":[{"href":"https:\/\/www.uta.cl\/index.php\/wp-json\/wp\/v2\/media?parent=10173"}],"wp:term":[{"taxonomy":"category","embeddable":true,"href":"https:\/\/www.uta.cl\/index.php\/wp-json\/wp\/v2\/categories?post=10173"},{"taxonomy":"post_tag","embeddable":true,"href":"https:\/\/www.uta.cl\/index.php\/wp-json\/wp\/v2\/tags?post=10173"}],"curies":[{"name":"wp","href":"https:\/\/api.w.org\/{rel}","templated":true}]}}